{"id":69220,"date":"2014-08-29T06:34:47","date_gmt":"2014-08-29T09:34:47","guid":{"rendered":"http:\/\/senoticias.com.br\/se\/?p=69220"},"modified":"2014-08-29T06:34:47","modified_gmt":"2014-08-29T09:34:47","slug":"proposta-orcamentaria-preve-salario-minimo-de-r-78806-para-2015-2","status":"publish","type":"post","link":"https:\/\/senoticias.com.br\/se\/proposta-orcamentaria-preve-salario-minimo-de-r-78806-para-2015-2\/","title":{"rendered":"Proposta or\u00e7ament\u00e1ria prev\u00ea sal\u00e1rio m\u00ednimo de R$ 788,06 para 2015"},"content":{"rendered":"<p style=\"text-align: justify;\">\n<div id=\"attachment_69221\" style=\"width: 287px\" class=\"wp-caption alignright\"><a href=\"http:\/\/senoticias.com.br\/se\/wp-content\/uploads\/2014\/08\/min\u00edmo.jpg\"><img loading=\"lazy\" decoding=\"async\" aria-describedby=\"caption-attachment-69221\" class=\"size-full wp-image-69221\" alt=\"M\u00ednimo em 2015 ser\u00e1 de R$ 788,06Marcello Casal \/ Ag\u00eancia Brasil\" src=\"http:\/\/senoticias.com.br\/se\/wp-content\/uploads\/2014\/08\/min\u00edmo.jpg\" width=\"277\" height=\"160\" \/><\/a><p id=\"caption-attachment-69221\" class=\"wp-caption-text\">M\u00ednimo em 2015 ser\u00e1 de R$ 788,06Marcello Casal \/ Ag\u00eancia Brasil<\/p><\/div>\n<p style=\"text-align: justify;\">A partir de 1\u00ba de janeiro de 2015, o sal\u00e1rio m\u00ednimo deve ser R$ 788,06, segundo o Projeto de Lei Or\u00e7ament\u00e1ria Anual (Ploa) 2015. Um reajuste de 8,8%. O an\u00fancio foi feito hoje (29) pela ministra do Planejamento, Miriam Belchior, depois de entregar a proposta ao presidente o Congresso, Renan Calheiros (PMDB-AL). A ministra antecipou que o texto prioriza investimentos em sa\u00fade, educa\u00e7\u00e3o combate \u00e0 pobreza e infraestrutura.<\/p>\n<p style=\"text-align: justify;\">A pe\u00e7a or\u00e7ament\u00e1ria traz uma mensagem da presidenta Dilma Rousseff com um diagn\u00f3stico sobre a situa\u00e7\u00e3o econ\u00f4mica do pa\u00eds e suas perspectivas.<\/p>\n<p style=\"text-align: justify;\">Pela Constitui\u00e7\u00e3o, o prazo de entrega do projeto pelo Executivo termina no dia 31 de agosto. Mas, com a expectativa de conclus\u00e3o da vota\u00e7\u00e3o da Lei de Diretrizes Or\u00e7ament\u00e1rias (LDO), que define as metas e prioridades da administra\u00e7\u00e3o p\u00fablica federal, s\u00f3 na semana que vem, durante o esfor\u00e7o concentrado, o governo se antecipou. A LDO deveria orientar a elabora\u00e7\u00e3o da pe\u00e7a or\u00e7ament\u00e1ria.<\/p>\n<p style=\"text-align: justify;\">\u201cColoquei toda a equipe do minist\u00e9rio [do Planejamento] \u00e0 disposi\u00e7\u00e3o, para os esclarecimentos necess\u00e1rios, para que o Congresso possa fazer uma an\u00e1lise r\u00e1pida do Or\u00e7amento e vot\u00e1-lo at\u00e9 o fim do ano, prazo que o presidente do Senado [Renan Calheiros], confirmou que \u00e9 poss\u00edvel fazer\u201d, explicou a ministra.<\/p>\n<p style=\"text-align: justify;\">O Or\u00e7amento Geral da Uni\u00e3o (OGU) \u00e9 formado pelo or\u00e7amento fiscal, da seguridade e pelo or\u00e7amento de investimento das empresas estatais federais. A Constitui\u00e7\u00e3o determina que a proposta seja votada e aprovada at\u00e9 o dia 22 de dezembro.<\/p>\n<p style=\"text-align: justify;\">No projeto de lei, tamb\u00e9m consta a estimativa para a infla\u00e7\u00e3o, medida pelo \u00cdndice Nacional de Pre\u00e7os ao Consumidor Amplo (IPCA), em 5%, no pr\u00f3ximo ano.<\/p>\n<p style=\"text-align: justify;\">A proje\u00e7\u00e3o para o crescimento do Produto Interno Bruto (PIB), soma de todos os bens e servi\u00e7os produzidos no pa\u00eds, ficou em 3% (R$ 5,756 trilh\u00f5es).<\/p>\n<p style=\"text-align: justify;\">O governo estima que o super\u00e1vit prim\u00e1rio para o setor p\u00fablico consolidado ser\u00e1 R$ 143,3 bilh\u00f5es, valor que corresponde a 2,5% do Produto Interno Bruto (PIB) \u2013 soma de todos os bens e servi\u00e7os produzidos no pa\u00eds. Com o abatimentos, o super\u00e1vit prim\u00e1rio vai para R$ 114,7 bilh\u00f5es, correspondentes a 2% do PIB.<\/p>\n<p style=\"text-align: justify;\">O super\u00e1vit prim\u00e1rio \u00e9 a poupan\u00e7a para pagar os juros da d\u00edvida que o governo seus credores. Na medida em que o pa\u00eds consegue alcan\u00e7ar as metas de super\u00e1vits prim\u00e1rios, tem condi\u00e7\u00f5es de pagar dividas.<\/p>\n<p><strong>Siga o SE Not\u00edcias pelo<a href=\" https:\/\/twitter.com\/Senoticias\" target=\"_blank\"> Twitter<\/a> e curta no <a href=\" https:\/\/www.facebook.com\/PortalSENoticias\" target=\"_blank\">Facebook<\/a><\/strong><\/p>\n<p><em>Ag\u00eancia Brasil<\/em><\/p>\n","protected":false},"excerpt":{"rendered":"<p>A partir de 1\u00ba de janeiro de 2015, o sal\u00e1rio m\u00ednimo deve ser R$ 788,06, segundo o Projeto de Lei Or\u00e7ament\u00e1ria Anual (Ploa) 2015. Um reajuste de 8,8%. O an\u00fancio foi feito hoje (29) pela ministra do Planejamento, Miriam Belchior, depois de entregar a proposta ao presidente o Congresso, Renan Calheiros (PMDB-AL). A ministra antecipou [&hellip;]<\/p>\n","protected":false},"author":1,"featured_media":69221,"comment_status":"closed","ping_status":"closed","sticky":false,"template":"","format":"standard","meta":{"footnotes":""},"categories":[6],"tags":[],"class_list":{"0":"post-69220","1":"post","2":"type-post","3":"status-publish","4":"format-standard","5":"has-post-thumbnail","7":"category-politica"},"_links":{"self":[{"href":"https:\/\/senoticias.com.br\/se\/wp-json\/wp\/v2\/posts\/69220"}],"collection":[{"href":"https:\/\/senoticias.com.br\/se\/wp-json\/wp\/v2\/posts"}],"about":[{"href":"https:\/\/senoticias.com.br\/se\/wp-json\/wp\/v2\/types\/post"}],"author":[{"embeddable":true,"href":"https:\/\/senoticias.com.br\/se\/wp-json\/wp\/v2\/users\/1"}],"replies":[{"embeddable":true,"href":"https:\/\/senoticias.com.br\/se\/wp-json\/wp\/v2\/comments?post=69220"}],"version-history":[{"count":0,"href":"https:\/\/senoticias.com.br\/se\/wp-json\/wp\/v2\/posts\/69220\/revisions"}],"wp:featuredmedia":[{"embeddable":true,"href":"https:\/\/senoticias.com.br\/se\/wp-json\/wp\/v2\/media\/69221"}],"wp:attachment":[{"href":"https:\/\/senoticias.com.br\/se\/wp-json\/wp\/v2\/media?parent=69220"}],"wp:term":[{"taxonomy":"category","embeddable":true,"href":"https:\/\/senoticias.com.br\/se\/wp-json\/wp\/v2\/categories?post=69220"},{"taxonomy":"post_tag","embeddable":true,"href":"https:\/\/senoticias.com.br\/se\/wp-json\/wp\/v2\/tags?post=69220"}],"curies":[{"name":"wp","href":"https:\/\/api.w.org\/{rel}","templated":true}]}}