{"id":69214,"date":"2014-08-28T22:52:04","date_gmt":"2014-08-29T01:52:04","guid":{"rendered":"http:\/\/senoticias.com.br\/se\/?p=69214"},"modified":"2014-08-30T14:31:34","modified_gmt":"2014-08-30T17:31:34","slug":"troca-de-tiros-termina-com-um-morto-e-outro-ferido-na-zona-norte-de-aracaju","status":"publish","type":"post","link":"https:\/\/senoticias.com.br\/se\/troca-de-tiros-termina-com-um-morto-e-outro-ferido-na-zona-norte-de-aracaju\/","title":{"rendered":"Troca de tiros termina com um morto e outro ferido na zona norte de Aracaju"},"content":{"rendered":"<div>\n<p style=\"text-align: justify;\">Uma troca de tiros resultou na morte de uma pessoa e outra acabou ferida. Foi no in\u00edcio da noite desta quinta-feria, 28, no Bairro Jap\u00e3ozinho, zona norte de Aracaju.<\/p>\n<div id=\"attachment_69215\" style=\"width: 560px\" class=\"wp-caption aligncenter\"><a href=\"http:\/\/senoticias.com.br\/se\/wp-content\/uploads\/2014\/08\/Zzona.jpg\"><img loading=\"lazy\" decoding=\"async\" aria-describedby=\"caption-attachment-69215\" class=\"size-full wp-image-69215\" alt=\" Jos\u00e9 Santos da Silva, foi executado a tiros. (Foto: Sergipe \u00e9 Not\u00edcia)\" src=\"http:\/\/senoticias.com.br\/se\/wp-content\/uploads\/2014\/08\/Zzona.jpg\" width=\"550\" height=\"412\" srcset=\"https:\/\/senoticias.com.br\/se\/wp-content\/uploads\/2014\/08\/Zzona.jpg 550w, https:\/\/senoticias.com.br\/se\/wp-content\/uploads\/2014\/08\/Zzona-300x224.jpg 300w, https:\/\/senoticias.com.br\/se\/wp-content\/uploads\/2014\/08\/Zzona-342x256.jpg 342w, https:\/\/senoticias.com.br\/se\/wp-content\/uploads\/2014\/08\/Zzona-60x45.jpg 60w, https:\/\/senoticias.com.br\/se\/wp-content\/uploads\/2014\/08\/Zzona-150x113.jpg 150w, https:\/\/senoticias.com.br\/se\/wp-content\/uploads\/2014\/08\/Zzona-269x201.jpg 269w\" sizes=\"(max-width: 550px) 100vw, 550px\" \/><\/a><p id=\"caption-attachment-69215\" class=\"wp-caption-text\">Jos\u00e9 Santos da Silva, foi executado a tiros. (Foto: Sergipe \u00e9 Not\u00edcia)<\/p><\/div>\n<p style=\"text-align: justify;\">Moradores da localidade acionaram a pol\u00edcia depois que ouviram v\u00e1rios disparos de arma de fogo. Militares foram chamados e ao chegarem no local se depararam com Jos\u00e9 Santos da Silva j\u00e1 sem vida e Jos\u00e9 Gledson dos Santos, conhecido como &#8220;Guegu\u00e9u&#8221;, baleado na coxa esquerda. Gledson foi socorrido ao Hospital de Urg\u00eancia de Sergipe.<\/p>\n<p style=\"text-align: justify;\">Segundo levantamentos iniciais da pol\u00edcia, Jos\u00e9 Santos e Jos\u00e9 Gledson s\u00e3o ex-presidi\u00e1rios. Este \u00faltimo, inclusive, est\u00e1 em liberdade h\u00e1 cerca de um m\u00eas, acusado de roubo. Os dois atiradores j\u00e1 foram indentificados, mas, apesar de v\u00e1rias dilig\u00eancias na regi\u00e3o, at\u00e9 o fechamento dessa mat\u00e9ria, n\u00e3o houve pris\u00f5es.<\/p>\n<p><strong>Siga o SE Not\u00edcias pelo <a href=\" https:\/\/twitter.com\/Senoticias\" target=\"_blank\">Twitter <\/a>e curta no <a href=\" https:\/\/www.facebook.com\/PortalSENoticias\" target=\"_blank\">Facebook<\/a><\/strong><\/p>\n<\/div>\n<p style=\"text-align: justify;\"><b>R<\/b>eda\u00e7\u00e3o do Sergipe \u00e9 Not\u00edcia<\/p>\n<p><span style=\"color: #555555; font-family: Arial, Helvetica, sans-serif; font-size: 12px; line-height: normal;\">\u00a0<\/span><\/p>\n","protected":false},"excerpt":{"rendered":"<p>Uma troca de tiros resultou na morte de uma pessoa e outra acabou ferida. Foi no in\u00edcio da noite desta quinta-feria, 28, no Bairro Jap\u00e3ozinho, zona norte de Aracaju. Moradores da localidade acionaram a pol\u00edcia depois que ouviram v\u00e1rios disparos de arma de fogo. Militares foram chamados e ao chegarem no local se depararam com [&hellip;]<\/p>\n","protected":false},"author":1,"featured_media":69215,"comment_status":"closed","ping_status":"closed","sticky":false,"template":"","format":"standard","meta":{"footnotes":""},"categories":[7],"tags":[],"class_list":{"0":"post-69214","1":"post","2":"type-post","3":"status-publish","4":"format-standard","5":"has-post-thumbnail","7":"category-policia"},"_links":{"self":[{"href":"https:\/\/senoticias.com.br\/se\/wp-json\/wp\/v2\/posts\/69214"}],"collection":[{"href":"https:\/\/senoticias.com.br\/se\/wp-json\/wp\/v2\/posts"}],"about":[{"href":"https:\/\/senoticias.com.br\/se\/wp-json\/wp\/v2\/types\/post"}],"author":[{"embeddable":true,"href":"https:\/\/senoticias.com.br\/se\/wp-json\/wp\/v2\/users\/1"}],"replies":[{"embeddable":true,"href":"https:\/\/senoticias.com.br\/se\/wp-json\/wp\/v2\/comments?post=69214"}],"version-history":[{"count":0,"href":"https:\/\/senoticias.com.br\/se\/wp-json\/wp\/v2\/posts\/69214\/revisions"}],"wp:featuredmedia":[{"embeddable":true,"href":"https:\/\/senoticias.com.br\/se\/wp-json\/wp\/v2\/media\/69215"}],"wp:attachment":[{"href":"https:\/\/senoticias.com.br\/se\/wp-json\/wp\/v2\/media?parent=69214"}],"wp:term":[{"taxonomy":"category","embeddable":true,"href":"https:\/\/senoticias.com.br\/se\/wp-json\/wp\/v2\/categories?post=69214"},{"taxonomy":"post_tag","embeddable":true,"href":"https:\/\/senoticias.com.br\/se\/wp-json\/wp\/v2\/tags?post=69214"}],"curies":[{"name":"wp","href":"https:\/\/api.w.org\/{rel}","templated":true}]}}