{"id":69211,"date":"2014-08-28T21:56:42","date_gmt":"2014-08-29T00:56:42","guid":{"rendered":"http:\/\/senoticias.com.br\/se\/?p=69211"},"modified":"2014-08-28T21:56:42","modified_gmt":"2014-08-29T00:56:42","slug":"dupla-atirou-ao-saber-que-alvo-era-pm-diz-policia","status":"publish","type":"post","link":"https:\/\/senoticias.com.br\/se\/dupla-atirou-ao-saber-que-alvo-era-pm-diz-policia\/","title":{"rendered":"Dupla atirou ao saber que alvo era PM, diz pol\u00edcia"},"content":{"rendered":"<p style=\"text-align: justify;\">\n<div id=\"attachment_43307\" style=\"width: 310px\" class=\"wp-caption alignright\"><a href=\"http:\/\/senoticias.com.br\/se\/wp-content\/uploads\/2013\/01\/Paiva.jpeg\"><img loading=\"lazy\" decoding=\"async\" aria-describedby=\"caption-attachment-43307\" class=\"size-full wp-image-43307\" alt=\"Assessor de Comunica\u00e7\u00e3o da Pol\u00edcia Militar (PM\/SE), major Paiva (Ascom\/SSP\/SE)\" src=\"http:\/\/senoticias.com.br\/se\/wp-content\/uploads\/2013\/01\/Paiva.jpeg\" width=\"300\" height=\"199\" \/><\/a><p id=\"caption-attachment-43307\" class=\"wp-caption-text\">Assessor de Comunica\u00e7\u00e3o da Pol\u00edcia Militar (PM\/SE), major Paiva (Ascom\/SSP\/SE)<\/p><\/div>\n<p style=\"text-align: justify;\">A pol\u00edcia investiga a morte de Tiago Ferreira, de 19 anos, que foi baleado e morto quanto tentava fugir da a\u00e7\u00e3o de criminosos ao se esconder em um porta-malas. O crime aconteceu nesta quinta-feira (28) no Povoado Cara\u00edbas, no munic\u00edpio de Japaratuba (SE). O jovem trabalhava no s\u00edtio do sargento M\u00e1rio C\u00e9sar Vieira que foi ferido no momento da abordagem da dupla que invadiu a propriedade rural.<\/p>\n<p style=\"text-align: justify;\">O delegado Ant\u00f4nio Francisco, que investiga o caso, aguarda a alta m\u00e9dica do sargento para ouvi-lo. Segundo o coordenador das delegacias do interior, o crime est\u00e1 sendo tratado como assalto seguido de morte. \u201cQuando os criminosos descobriram que uma das v\u00edtimas era policial eles se descontrolaram e efetuaram disparos contra os dois. Eles levaram apenas a pistola de servi\u00e7o do sargento, uma Ponto 40\u201d, revela.<\/p>\n<p style=\"text-align: justify;\">Tiago e M\u00e1rio haviam sa\u00eddo para levar comida para o gado quando foram surpreendidos por dois homens armados. \u201cO sargento foi atingido e o jovem que estava com ele tentou fugir se escondendo dentro do porta-malas do ve\u00edculo. Os criminosos atiraram no jovem pelo vidro traseiro e a bala atingiu a cabe\u00e7a\u201d, afirma o tenente-coronel Carlos Paiva, rela\u00e7\u00f5es p\u00fablicas da PM.<\/p>\n<p style=\"text-align: justify;\">O sargento recebeu tr\u00eas tiros que atingiram o pesco\u00e7o, ombro e coxa. O policial est\u00e1 internado no Hospital de Urg\u00eancia de Sergipe (Huse) em situa\u00e7\u00e3o est\u00e1vel e sem risco de morte. \u201cMeu irm\u00e3o era um garoto tranquilo, um garoto do bem, sem maldade. N\u00e3o acredito que algu\u00e9m tivesse alguma rixa com ele\u201d, afirma o irm\u00e3o de Tiago, o t\u00e9cnico em inform\u00e1tica Gabriel Ferreira da Cruz.<\/p>\n<p><strong>Siga o SE Not\u00edcias pelo<a href=\" https:\/\/twitter.com\/Senoticias\" target=\"_blank\"> Twitter<\/a> e curta no <a href=\" https:\/\/www.facebook.com\/PortalSENoticias\" target=\"_blank\">Facebook<\/a><\/strong><\/p>\n<p><strong><em>Informa\u00e7\u00f5es do G1 SE<\/em><\/strong><\/p>\n","protected":false},"excerpt":{"rendered":"<p>A pol\u00edcia investiga a morte de Tiago Ferreira, de 19 anos, que foi baleado e morto quanto tentava fugir da a\u00e7\u00e3o de criminosos ao se esconder em um porta-malas. O crime aconteceu nesta quinta-feira (28) no Povoado Cara\u00edbas, no munic\u00edpio de Japaratuba (SE). O jovem trabalhava no s\u00edtio do sargento M\u00e1rio C\u00e9sar Vieira que foi [&hellip;]<\/p>\n","protected":false},"author":1,"featured_media":43307,"comment_status":"closed","ping_status":"closed","sticky":false,"template":"","format":"standard","meta":{"footnotes":""},"categories":[7],"tags":[],"class_list":{"0":"post-69211","1":"post","2":"type-post","3":"status-publish","4":"format-standard","5":"has-post-thumbnail","7":"category-policia"},"_links":{"self":[{"href":"https:\/\/senoticias.com.br\/se\/wp-json\/wp\/v2\/posts\/69211"}],"collection":[{"href":"https:\/\/senoticias.com.br\/se\/wp-json\/wp\/v2\/posts"}],"about":[{"href":"https:\/\/senoticias.com.br\/se\/wp-json\/wp\/v2\/types\/post"}],"author":[{"embeddable":true,"href":"https:\/\/senoticias.com.br\/se\/wp-json\/wp\/v2\/users\/1"}],"replies":[{"embeddable":true,"href":"https:\/\/senoticias.com.br\/se\/wp-json\/wp\/v2\/comments?post=69211"}],"version-history":[{"count":0,"href":"https:\/\/senoticias.com.br\/se\/wp-json\/wp\/v2\/posts\/69211\/revisions"}],"wp:featuredmedia":[{"embeddable":true,"href":"https:\/\/senoticias.com.br\/se\/wp-json\/wp\/v2\/media\/43307"}],"wp:attachment":[{"href":"https:\/\/senoticias.com.br\/se\/wp-json\/wp\/v2\/media?parent=69211"}],"wp:term":[{"taxonomy":"category","embeddable":true,"href":"https:\/\/senoticias.com.br\/se\/wp-json\/wp\/v2\/categories?post=69211"},{"taxonomy":"post_tag","embeddable":true,"href":"https:\/\/senoticias.com.br\/se\/wp-json\/wp\/v2\/tags?post=69211"}],"curies":[{"name":"wp","href":"https:\/\/api.w.org\/{rel}","templated":true}]}}