{"id":69208,"date":"2014-08-28T17:38:18","date_gmt":"2014-08-28T20:38:18","guid":{"rendered":"http:\/\/senoticias.com.br\/se\/?p=69208"},"modified":"2014-08-28T17:43:39","modified_gmt":"2014-08-28T20:43:39","slug":"justica-determina-a-extincao-da-associacao-comunitaria-aurea-ribeiro-em-lagarto","status":"publish","type":"post","link":"https:\/\/senoticias.com.br\/se\/justica-determina-a-extincao-da-associacao-comunitaria-aurea-ribeiro-em-lagarto\/","title":{"rendered":"Justi\u00e7a determina a extin\u00e7\u00e3o da Associa\u00e7\u00e3o Comunit\u00e1ria \u00c1urea Ribeiro em Lagarto"},"content":{"rendered":"<div style=\"text-align: justify;\">\n<div id=\"attachment_41149\" style=\"width: 310px\" class=\"wp-caption alignright\"><a href=\"http:\/\/senoticias.com.br\/se\/wp-content\/uploads\/2012\/11\/Justi\u00e7a-III.jpg\"><img loading=\"lazy\" decoding=\"async\" aria-describedby=\"caption-attachment-41149\" class=\"size-medium wp-image-41149\" alt=\"Justi\u00e7a determina a extin\u00e7\u00e3o da Associa\u00e7\u00e3o Comunit\u00e1ria \u00c1urea Ribeiro.\" src=\"http:\/\/senoticias.com.br\/se\/wp-content\/uploads\/2012\/11\/Justi\u00e7a-III-300x184.jpg\" width=\"300\" height=\"184\" \/><\/a><p id=\"caption-attachment-41149\" class=\"wp-caption-text\">Justi\u00e7a determina a extin\u00e7\u00e3o da Associa\u00e7\u00e3o Comunit\u00e1ria \u00c1urea Ribeiro.<\/p><\/div>\n<p>Atendendo aos pedidos constantes da A\u00e7\u00e3o Civil P\u00fablica ajuizada pelo Minist\u00e9rio P\u00fablico de Sergipe, o Juiz da 2\u00aa Vara C\u00edvel de Lagarto, Dr. Daniel de Lima Vasconcelos, determinou a dissolu\u00e7\u00e3o da Associa\u00e7\u00e3o Comunit\u00e1ria e Produtiva \u00c1urea Ribeiro, por participa\u00e7\u00e3o em esquema de desvio de verba p\u00fablica.<\/p><\/div>\n<p style=\"text-align: justify;\">Al\u00e9m da dissolu\u00e7\u00e3o, o Magistrado determinou, tamb\u00e9m, o cancelamento definitivo do CNPJ da Associa\u00e7\u00e3o e a transfer\u00eancia do patrim\u00f4nio remanescente da institui\u00e7\u00e3o para a Fazenda Estadual.<\/p>\n<p style=\"text-align: justify;\">O inqu\u00e9rito civil promovido pelo Minist\u00e9rio P\u00fablico apurou que, no ano de 2012, a Associa\u00e7\u00e3o Comunit\u00e1ria \u00c1urea Ribeiro recebeu R$ 523.000,00 de verba de subven\u00e7\u00e3o social, oriundos do Poder Estadual. Segundo as apura\u00e7\u00f5es, os aportes foram repassados \u00e0 entidade por interm\u00e9dio do Deputado Gustinho Ribeiro. Vale ressaltar que a referida Associa\u00e7\u00e3o pertence \u00e0 fam\u00edlia do Deputado, e que ele mesmo j\u00e1 fez parte do quadro de dire\u00e7\u00e3o da entidade.<\/p>\n<p style=\"text-align: justify;\">De acordo com os autos da ACP, do total dessa verba, R$ 430.000,00 foram pagos \u00e0s empresas: \u201cDISTAC Consultoria e Loca\u00e7\u00e3o Ltda\u201d, empresa esta, que havia sido criada pouco antes do contrato ser firmado com a Associa\u00e7\u00e3o e \u201cZ\u00caNIA Nascimento Oliveira ME\u201d, esta \u00faltima pertencente a Z\u00eania Oliveira e seu marido \u00c1lvaro Brito Nascimento J\u00fanior, ambos ex-integrantes do gabinete parlamentar do Deputado Gustinho Ribeiro. Al\u00e9m disso, ou autos da ACP comprovaram que, no endere\u00e7o das empresas em quest\u00e3o, havia uma simples casa residencial, sem nenhum sinal de atividade empresarial.<\/p>\n<p style=\"text-align: justify;\">Apesar das referidas empresas, para justificar a aplica\u00e7\u00e3o dos recursos, alegarem que promoveram cursos profissionalizantes, os alunos ouvidos durante a realiza\u00e7\u00e3o do inqu\u00e9rito civil, revelaram que os poucos cursos realizados foram simpl\u00f3rios, com tempo de dura\u00e7\u00e3o insuficiente e desprovidos de material de ensino.<\/p>\n<p style=\"text-align: justify;\">Diante das provas apresentadas, o Juiz em sua senten\u00e7a reconheceu que: 1)dos 21 cursos contratados, apenas 05 foram realizados; 2)dos 05 cursos realizados, menos da metade da carga hor\u00e1ria foi de fato ministrada; 3)todo o objeto do contrato (pagamento com recursos p\u00fablicos) foi adimplido pela Associa\u00e7\u00e3o \u00e0 empresa, mesmo sem essa ter realizado os cursos.<\/p>\n<p style=\"text-align: justify;\">\u201cOs fatos narrados evidenciam um esquema de desvio de verba p\u00fablica. A Associa\u00e7\u00e3o em quest\u00e3o, aplicou irregularmente as subven\u00e7\u00f5es p\u00fablicas recebidas\u201d, pontuou o Juiz na senten\u00e7a.<\/p>\n<p><strong>Siga o SE Not\u00edcias pelo <a href=\" https:\/\/twitter.com\/Senoticias\" target=\"_blank\">Twitter<\/a> e curta no <a href=\" https:\/\/www.facebook.com\/PortalSENoticias\" target=\"_blank\">Facebook<\/a><\/strong><\/p>\n<p><b>Hebert Ferreira<\/b><br \/>\n<b>Coordenadoria de Comunica\u00e7\u00e3o MP\/SE<\/b><\/p>\n","protected":false},"excerpt":{"rendered":"<p>Atendendo aos pedidos constantes da A\u00e7\u00e3o Civil P\u00fablica ajuizada pelo Minist\u00e9rio P\u00fablico de Sergipe, o Juiz da 2\u00aa Vara C\u00edvel de Lagarto, Dr. Daniel de Lima Vasconcelos, determinou a dissolu\u00e7\u00e3o da Associa\u00e7\u00e3o Comunit\u00e1ria e Produtiva \u00c1urea Ribeiro, por participa\u00e7\u00e3o em esquema de desvio de verba p\u00fablica. Al\u00e9m da dissolu\u00e7\u00e3o, o Magistrado determinou, tamb\u00e9m, o cancelamento [&hellip;]<\/p>\n","protected":false},"author":1,"featured_media":41149,"comment_status":"closed","ping_status":"closed","sticky":false,"template":"","format":"standard","meta":{"footnotes":""},"categories":[6],"tags":[],"class_list":{"0":"post-69208","1":"post","2":"type-post","3":"status-publish","4":"format-standard","5":"has-post-thumbnail","7":"category-politica"},"_links":{"self":[{"href":"https:\/\/senoticias.com.br\/se\/wp-json\/wp\/v2\/posts\/69208"}],"collection":[{"href":"https:\/\/senoticias.com.br\/se\/wp-json\/wp\/v2\/posts"}],"about":[{"href":"https:\/\/senoticias.com.br\/se\/wp-json\/wp\/v2\/types\/post"}],"author":[{"embeddable":true,"href":"https:\/\/senoticias.com.br\/se\/wp-json\/wp\/v2\/users\/1"}],"replies":[{"embeddable":true,"href":"https:\/\/senoticias.com.br\/se\/wp-json\/wp\/v2\/comments?post=69208"}],"version-history":[{"count":0,"href":"https:\/\/senoticias.com.br\/se\/wp-json\/wp\/v2\/posts\/69208\/revisions"}],"wp:featuredmedia":[{"embeddable":true,"href":"https:\/\/senoticias.com.br\/se\/wp-json\/wp\/v2\/media\/41149"}],"wp:attachment":[{"href":"https:\/\/senoticias.com.br\/se\/wp-json\/wp\/v2\/media?parent=69208"}],"wp:term":[{"taxonomy":"category","embeddable":true,"href":"https:\/\/senoticias.com.br\/se\/wp-json\/wp\/v2\/categories?post=69208"},{"taxonomy":"post_tag","embeddable":true,"href":"https:\/\/senoticias.com.br\/se\/wp-json\/wp\/v2\/tags?post=69208"}],"curies":[{"name":"wp","href":"https:\/\/api.w.org\/{rel}","templated":true}]}}