{"id":69199,"date":"2014-08-28T15:43:59","date_gmt":"2014-08-28T18:43:59","guid":{"rendered":"http:\/\/senoticias.com.br\/se\/?p=69199"},"modified":"2014-08-29T20:21:59","modified_gmt":"2014-08-29T23:21:59","slug":"itabaiana-comemora-126-anos-de-emancipacao-politica","status":"publish","type":"post","link":"https:\/\/senoticias.com.br\/se\/itabaiana-comemora-126-anos-de-emancipacao-politica\/","title":{"rendered":"Itabaiana comemora 126 anos de emancipa\u00e7\u00e3o pol\u00edtica"},"content":{"rendered":"<p style=\"text-align: justify;\">Nesta quinta-feira (28) o munic\u00edpio de Itabaiana, no agreste de Sergipe, comemora 126 emancipa\u00e7\u00e3o pol\u00edtica. A data ser\u00e1 celebrada com programa\u00e7\u00e3o cultural e a realiza\u00e7\u00e3o da tradicional Micarana.<\/p>\n<div id=\"attachment_69200\" style=\"width: 586px\" class=\"wp-caption aligncenter\"><a href=\"http:\/\/senoticias.com.br\/se\/wp-content\/uploads\/2014\/08\/b3e9a51f9f94b27682654d20e30fcdbb_g.jpg\"><img loading=\"lazy\" decoding=\"async\" aria-describedby=\"caption-attachment-69200\" class=\" wp-image-69200 \" alt=\"Comemora\u00e7\u00f5es come\u00e7aram ontem e seguem nesta quinta-feira (28). \" src=\"http:\/\/senoticias.com.br\/se\/wp-content\/uploads\/2014\/08\/b3e9a51f9f94b27682654d20e30fcdbb_g.jpg\" width=\"576\" height=\"432\" srcset=\"https:\/\/senoticias.com.br\/se\/wp-content\/uploads\/2014\/08\/b3e9a51f9f94b27682654d20e30fcdbb_g.jpg 640w, https:\/\/senoticias.com.br\/se\/wp-content\/uploads\/2014\/08\/b3e9a51f9f94b27682654d20e30fcdbb_g-300x225.jpg 300w, https:\/\/senoticias.com.br\/se\/wp-content\/uploads\/2014\/08\/b3e9a51f9f94b27682654d20e30fcdbb_g-342x256.jpg 342w, https:\/\/senoticias.com.br\/se\/wp-content\/uploads\/2014\/08\/b3e9a51f9f94b27682654d20e30fcdbb_g-60x45.jpg 60w, https:\/\/senoticias.com.br\/se\/wp-content\/uploads\/2014\/08\/b3e9a51f9f94b27682654d20e30fcdbb_g-150x113.jpg 150w, https:\/\/senoticias.com.br\/se\/wp-content\/uploads\/2014\/08\/b3e9a51f9f94b27682654d20e30fcdbb_g-269x201.jpg 269w\" sizes=\"(max-width: 576px) 100vw, 576px\" \/><\/a><p id=\"caption-attachment-69200\" class=\"wp-caption-text\">Comemora\u00e7\u00f5es come\u00e7aram ontem e seguem nesta quinta-feira (28).<\/p><\/div>\n<p style=\"text-align: justify;\">A vila de Santo Antonio e Almas de Itabaiana, por for\u00e7a da resolu\u00e7\u00e3o Provincial de n\u00famero 301, de 28 de agosto de 1888, elevado \u00e0 categoria de cidade, na Presid\u00eancia de Francisco Paula Preste Pimentel. O munic\u00edpios fica localizada na Mesorregi\u00e3o do Agreste Sergipano, sendo a quarta maior cidade de Sergipe, ficando a 54km da capital.<\/p>\n<p style=\"text-align: justify;\">Itabaiana \u00e9 dona de um dos maiores com\u00e9rcios de Sergipe. \u00c9 considerada a capital do caminh\u00e3o, por ter o maior percentual de caminh\u00e3o por pessoa do pa\u00eds. O com\u00e9rcio \u00e9 seguramente o maior do interior do estado de Sergipe, e que tamb\u00e9m ganha destaque pela feira-livre realizada as quartas e s\u00e1bados.<\/p>\n<p style=\"text-align: justify;\">O munic\u00edpio tamb\u00e9m \u00e9 destacado pelas suas belezas naturais como a Serra de Itabaiana e Parque dos Falc\u00f5es.<\/p>\n<p style=\"text-align: justify;\"><strong>Programa\u00e7\u00e3o festiva<\/strong><\/p>\n<p style=\"text-align: justify;\">Na quarta-feira, dia 27, aconteceu na Pra\u00e7a Fausto Cardoso apresenta\u00e7\u00e3o de quadrilha, reisado, bacamarteiros, exposi\u00e7\u00f5es e feira de artesanato. Nesta quinta-feira 28, ocorrer\u00e1 \u00e0s 8h hasteamento da bandeira em frente \u00e0 Prefeitura de Itabaiana, com apresenta\u00e7\u00e3o da Sociedade Filarm\u00f4nica 28 de agosto (SOFIVA).<br \/>\n\u00c0s 19h30 acontecer\u00e1 a missa em a\u00e7\u00e3o de gra\u00e7as na Igreja Matriz de Santo Ant\u00f4nio e Almas de Itabaiana, com a apresenta\u00e7\u00e3o da Filarm\u00f4nica Nossa Senhora da Concei\u00e7\u00e3o.<\/p>\n<p style=\"text-align: justify;\"><strong>Micarana<\/strong><\/p>\n<p style=\"text-align: justify;\">A festa come\u00e7ou ontem (27) e segue nesta quinta-feira com as apresenta\u00e7\u00f5es de Tomate, Harmonia do Samba, Valneij\u00f3s e Atitude. Vale ressaltar que a festa \u00e9 promovida pela Prefeitura de Itabaiana sem custo para o foli\u00e3o<\/p>\n<p style=\"text-align: justify;\"><em>Com informa\u00e7\u00f5es da reda\u00e7\u00e3o Itnet.<\/em><\/p>\n<p style=\"text-align: justify;\"><strong>Siga o SE Not\u00edcias pelo <a href=\"https:\/\/twitter.com\/Senoticias\" target=\"_blank\">Twitter<\/a> e curta pelo <a href=\"https:\/\/www.facebook.com\/PortalSENoticias\" target=\"_blank\">Facebook<\/a><\/strong><\/p>\n","protected":false},"excerpt":{"rendered":"<p>Nesta quinta-feira (28) o munic\u00edpio de Itabaiana, no agreste de Sergipe, comemora 126 emancipa\u00e7\u00e3o pol\u00edtica. A data ser\u00e1 celebrada com programa\u00e7\u00e3o cultural e a realiza\u00e7\u00e3o da tradicional Micarana. A vila de Santo Antonio e Almas de Itabaiana, por for\u00e7a da resolu\u00e7\u00e3o Provincial de n\u00famero 301, de 28 de agosto de 1888, elevado \u00e0 categoria de [&hellip;]<\/p>\n","protected":false},"author":2,"featured_media":69200,"comment_status":"closed","ping_status":"closed","sticky":false,"template":"","format":"standard","meta":{"footnotes":""},"categories":[38],"tags":[],"class_list":{"0":"post-69199","1":"post","2":"type-post","3":"status-publish","4":"format-standard","5":"has-post-thumbnail","7":"category-municipios"},"_links":{"self":[{"href":"https:\/\/senoticias.com.br\/se\/wp-json\/wp\/v2\/posts\/69199"}],"collection":[{"href":"https:\/\/senoticias.com.br\/se\/wp-json\/wp\/v2\/posts"}],"about":[{"href":"https:\/\/senoticias.com.br\/se\/wp-json\/wp\/v2\/types\/post"}],"author":[{"embeddable":true,"href":"https:\/\/senoticias.com.br\/se\/wp-json\/wp\/v2\/users\/2"}],"replies":[{"embeddable":true,"href":"https:\/\/senoticias.com.br\/se\/wp-json\/wp\/v2\/comments?post=69199"}],"version-history":[{"count":0,"href":"https:\/\/senoticias.com.br\/se\/wp-json\/wp\/v2\/posts\/69199\/revisions"}],"wp:featuredmedia":[{"embeddable":true,"href":"https:\/\/senoticias.com.br\/se\/wp-json\/wp\/v2\/media\/69200"}],"wp:attachment":[{"href":"https:\/\/senoticias.com.br\/se\/wp-json\/wp\/v2\/media?parent=69199"}],"wp:term":[{"taxonomy":"category","embeddable":true,"href":"https:\/\/senoticias.com.br\/se\/wp-json\/wp\/v2\/categories?post=69199"},{"taxonomy":"post_tag","embeddable":true,"href":"https:\/\/senoticias.com.br\/se\/wp-json\/wp\/v2\/tags?post=69199"}],"curies":[{"name":"wp","href":"https:\/\/api.w.org\/{rel}","templated":true}]}}