{"id":69195,"date":"2014-08-28T15:31:56","date_gmt":"2014-08-28T18:31:56","guid":{"rendered":"http:\/\/senoticias.com.br\/se\/?p=69195"},"modified":"2014-08-28T15:33:06","modified_gmt":"2014-08-28T18:33:06","slug":"stent-farmacologico-passa-a-ser-oferecido-pelo-sus","status":"publish","type":"post","link":"https:\/\/senoticias.com.br\/se\/stent-farmacologico-passa-a-ser-oferecido-pelo-sus\/","title":{"rendered":"Stent farmacol\u00f3gico passa a ser oferecido pelo SUS"},"content":{"rendered":"<div id=\"attachment_69196\" style=\"width: 310px\" class=\"wp-caption alignright\"><a href=\"http:\/\/senoticias.com.br\/se\/wp-content\/uploads\/2014\/08\/grande-imagem-SUS-fotonova-logomarca26122011.jpg\"><img loading=\"lazy\" decoding=\"async\" aria-describedby=\"caption-attachment-69196\" class=\"size-medium wp-image-69196\" alt=\"(Foto: Divulga\u00e7\u00e3o)\" src=\"http:\/\/senoticias.com.br\/se\/wp-content\/uploads\/2014\/08\/grande-imagem-SUS-fotonova-logomarca26122011-300x199.jpg\" width=\"300\" height=\"199\" srcset=\"https:\/\/senoticias.com.br\/se\/wp-content\/uploads\/2014\/08\/grande-imagem-SUS-fotonova-logomarca26122011-300x199.jpg 300w, https:\/\/senoticias.com.br\/se\/wp-content\/uploads\/2014\/08\/grande-imagem-SUS-fotonova-logomarca26122011-342x227.jpg 342w, https:\/\/senoticias.com.br\/se\/wp-content\/uploads\/2014\/08\/grande-imagem-SUS-fotonova-logomarca26122011.jpg 1000w\" sizes=\"(max-width: 300px) 100vw, 300px\" \/><\/a><p id=\"caption-attachment-69196\" class=\"wp-caption-text\">(Foto: Divulga\u00e7\u00e3o)<\/p><\/div>\n<p style=\"text-align: justify;\">A Doen\u00e7a Arterial Cr\u00f4nica \u00e9 a principal causa de infartos no Brasil, segundo o Minist\u00e9rio da Sa\u00fade. A doen\u00e7a entope os vasos sangu\u00edneos que levam sangue e oxig\u00eanio ao cora\u00e7\u00e3o.<\/p>\n<p style=\"text-align: justify;\">Para melhorar a qualidade de vida dos pacientes que t\u00eam a doen\u00e7a, o Minist\u00e9rio da Sa\u00fade aprovou a inclus\u00e3o do stent farmacol\u00f3gico, dispositivo met\u00e1lico com medicamento, que evita um novo entupimento dos vasos sanguineos.<\/p>\n<p style=\"text-align: justify;\">O coordenador geral de m\u00e9dia e alta complexidade do Minist\u00e9rio da Sa\u00fade \u2013 Jos\u00e9 Eduardo Fogolin, explica que o stent farmacol\u00f3gico \u00e9 indicado para o paciente com doen\u00e7a arterial cr\u00f4nica associada \u00e0 diabetes ou les\u00e3o de vaso fino.<\/p>\n<p style=\"text-align: justify;\">&#8220;A indica\u00e7\u00e3o do stent farmacol\u00f3gico ele tem uma grande diferen\u00e7a, uma grande evid\u00eancia de uso nos casos dos pacientes diab\u00e9ticos e que tenham les\u00e3o de vaso fino, ou seja, onde a les\u00e3o \u00e9 a obstru\u00e7\u00e3o em vaso fino. Nas demais, n\u00f3s mantemos o tratamento. O Sistema \u00danico de Sa\u00fade garante o tratamento com stent, como tamb\u00e9m acontece nos demais pa\u00edses do mundo que ofertam o tratamento com stent, que \u00e9 esse stent que a gente j\u00e1 tem convencional&#8221;, disse Jos\u00e9 Eduardo Fogolin.<\/p>\n<p style=\"text-align: justify;\">Os pacientes submetidos a cateterismos encontram tamb\u00e9m na rede p\u00fablica de sa\u00fade o stent met\u00e1lico, indicado para pacientes com Doen\u00e7a Arterial Cr\u00f4nica associada a outras complica\u00e7\u00f5es. Para saber mais, <a href=\"http:\/\/portalsaude.saude.gov.br\/\" target=\"_blank\"><strong>acesse o site<\/strong><\/a>.<\/p>\n<p style=\"text-align: justify;\"><em>Fonte: SUS<\/em><\/p>\n<p style=\"text-align: justify;\"><strong>Siga o SE Not\u00edcias pelo <a href=\"https:\/\/twitter.com\/Senoticias\" target=\"_blank\">Twitter<\/a> e curta pelo <a href=\"https:\/\/www.facebook.com\/PortalSENoticias\" target=\"_blank\">Facebook<\/a><\/strong><\/p>\n","protected":false},"excerpt":{"rendered":"<p>A Doen\u00e7a Arterial Cr\u00f4nica \u00e9 a principal causa de infartos no Brasil, segundo o Minist\u00e9rio da Sa\u00fade. A doen\u00e7a entope os vasos sangu\u00edneos que levam sangue e oxig\u00eanio ao cora\u00e7\u00e3o. Para melhorar a qualidade de vida dos pacientes que t\u00eam a doen\u00e7a, o Minist\u00e9rio da Sa\u00fade aprovou a inclus\u00e3o do stent farmacol\u00f3gico, dispositivo met\u00e1lico com [&hellip;]<\/p>\n","protected":false},"author":2,"featured_media":69196,"comment_status":"closed","ping_status":"closed","sticky":false,"template":"","format":"standard","meta":{"footnotes":""},"categories":[20],"tags":[],"class_list":{"0":"post-69195","1":"post","2":"type-post","3":"status-publish","4":"format-standard","5":"has-post-thumbnail","7":"category-saude"},"_links":{"self":[{"href":"https:\/\/senoticias.com.br\/se\/wp-json\/wp\/v2\/posts\/69195"}],"collection":[{"href":"https:\/\/senoticias.com.br\/se\/wp-json\/wp\/v2\/posts"}],"about":[{"href":"https:\/\/senoticias.com.br\/se\/wp-json\/wp\/v2\/types\/post"}],"author":[{"embeddable":true,"href":"https:\/\/senoticias.com.br\/se\/wp-json\/wp\/v2\/users\/2"}],"replies":[{"embeddable":true,"href":"https:\/\/senoticias.com.br\/se\/wp-json\/wp\/v2\/comments?post=69195"}],"version-history":[{"count":0,"href":"https:\/\/senoticias.com.br\/se\/wp-json\/wp\/v2\/posts\/69195\/revisions"}],"wp:featuredmedia":[{"embeddable":true,"href":"https:\/\/senoticias.com.br\/se\/wp-json\/wp\/v2\/media\/69196"}],"wp:attachment":[{"href":"https:\/\/senoticias.com.br\/se\/wp-json\/wp\/v2\/media?parent=69195"}],"wp:term":[{"taxonomy":"category","embeddable":true,"href":"https:\/\/senoticias.com.br\/se\/wp-json\/wp\/v2\/categories?post=69195"},{"taxonomy":"post_tag","embeddable":true,"href":"https:\/\/senoticias.com.br\/se\/wp-json\/wp\/v2\/tags?post=69195"}],"curies":[{"name":"wp","href":"https:\/\/api.w.org\/{rel}","templated":true}]}}