{"id":69192,"date":"2014-08-28T15:22:20","date_gmt":"2014-08-28T18:22:20","guid":{"rendered":"http:\/\/senoticias.com.br\/se\/?p=69192"},"modified":"2014-08-30T07:06:25","modified_gmt":"2014-08-30T10:06:25","slug":"secretaria-fazenda-aprende-carga-irregular-de-cigarros","status":"publish","type":"post","link":"https:\/\/senoticias.com.br\/se\/secretaria-fazenda-aprende-carga-irregular-de-cigarros\/","title":{"rendered":"Sefaz apreende carga de cigarros avaliada em mais de R$ 12 milh\u00f5es em Propri\u00e1"},"content":{"rendered":"<p style=\"text-align: justify;\">Uma abordagem de rotina das equipes de fiscaliza\u00e7\u00e3o da Secretaria de Estado da Fazenda (Sefaz) a um caminh\u00e3o que sa\u00eda do Estado de Sergipe pela BR-101, no munic\u00edpio de Propri\u00e1, resultou na apreens\u00e3o de uma carga de cigarros transportados de forma irregular sob um carregamento de ra\u00e7\u00e3o para animais.<\/p>\n<div id=\"attachment_69207\" style=\"width: 600px\" class=\"wp-caption aligncenter\"><a href=\"http:\/\/senoticias.com.br\/se\/wp-content\/uploads\/2014\/08\/grande.jpg\"><img loading=\"lazy\" decoding=\"async\" aria-describedby=\"caption-attachment-69207\" class=\"size-full wp-image-69207\" alt=\"Sefaz apreende carga de cigarros avaliada em mais de R$ 12 milh\u00f5es em Propri\u00e1. (Divulga\u00e7\u00e3o\/Sefaz)\" src=\"http:\/\/senoticias.com.br\/se\/wp-content\/uploads\/2014\/08\/grande.jpg\" width=\"590\" height=\"392\" srcset=\"https:\/\/senoticias.com.br\/se\/wp-content\/uploads\/2014\/08\/grande.jpg 590w, https:\/\/senoticias.com.br\/se\/wp-content\/uploads\/2014\/08\/grande-300x199.jpg 300w, https:\/\/senoticias.com.br\/se\/wp-content\/uploads\/2014\/08\/grande-342x227.jpg 342w\" sizes=\"(max-width: 590px) 100vw, 590px\" \/><\/a><p id=\"caption-attachment-69207\" class=\"wp-caption-text\">Sefaz apreende carga de cigarros avaliada em mais de R$ 12 milh\u00f5es em Propri\u00e1. (Divulga\u00e7\u00e3o\/Sefaz)<\/p><\/div>\n<p style=\"text-align: justify;\">O caminh\u00e3o tipo carreta bitrem foi parado pela fiscaliza\u00e7\u00e3o no Posto Fiscal de Propri\u00e1 e ao conferirem a documenta\u00e7\u00e3o e a carga os fiscais constataram que sob as sacas de ra\u00e7\u00e3o indicadas na nota fiscal estavam acondicionadas mais de 2.000 caixas de cigarros sem qualquer documenta\u00e7\u00e3o de origem do produto. Na nota fiscal apresentada pelo motorista a carga de ra\u00e7\u00e3o seguia do Estado de S\u00e3o Paulo para Pernambuco, por\u00e9m, a carga de cigarros n\u00e3o foi relacionada no documento, identificando a irregularidade.<\/p>\n<p style=\"text-align: justify;\">A estimativa realizada pelas equipes da Sefaz \u00e9 de que o carregamento esteja avaliado em mais de R$ 12 milh\u00f5es. Ap\u00f3s a reten\u00e7\u00e3o da carga, o motorista evadiu-se do local sem apresentar qualquer justificativa e por quest\u00f5es de seguran\u00e7a foi registrado um boletim de ocorr\u00eancia na delegacia do munic\u00edpio de Propri\u00e1 relatando a aus\u00eancia dos dois ocupantes do ve\u00edculo, bem como foi comunicado o ocorrido \u00e0 Pol\u00edcia Rodovi\u00e1ria Federal para que esta adote as provid\u00eancias quanto \u00e0 cust\u00f3dia da carga e do caminh\u00e3o at\u00e9 que o respons\u00e1vel retorne.<\/p>\n<p style=\"text-align: justify;\"><em>\u00a0<\/em><\/p>\n<p style=\"text-align: justify;\"><strong>Siga o SE Not\u00edcias pelo <a href=\"https:\/\/twitter.com\/Senoticias\" target=\"_blank\">Twitter<\/a> e curta pelo <a href=\"https:\/\/www.facebook.com\/PortalSENoticias\" target=\"_blank\">Facebook<\/a><\/strong><\/p>\n<p style=\"text-align: justify;\">Ascom\/Sefaz<\/p>\n","protected":false},"excerpt":{"rendered":"<p>Uma abordagem de rotina das equipes de fiscaliza\u00e7\u00e3o da Secretaria de Estado da Fazenda (Sefaz) a um caminh\u00e3o que sa\u00eda do Estado de Sergipe pela BR-101, no munic\u00edpio de Propri\u00e1, resultou na apreens\u00e3o de uma carga de cigarros transportados de forma irregular sob um carregamento de ra\u00e7\u00e3o para animais. O caminh\u00e3o tipo carreta bitrem foi [&hellip;]<\/p>\n","protected":false},"author":1,"featured_media":69207,"comment_status":"closed","ping_status":"closed","sticky":false,"template":"","format":"standard","meta":{"footnotes":""},"categories":[38,7],"tags":[],"class_list":{"0":"post-69192","1":"post","2":"type-post","3":"status-publish","4":"format-standard","5":"has-post-thumbnail","7":"category-municipios","8":"category-policia"},"_links":{"self":[{"href":"https:\/\/senoticias.com.br\/se\/wp-json\/wp\/v2\/posts\/69192"}],"collection":[{"href":"https:\/\/senoticias.com.br\/se\/wp-json\/wp\/v2\/posts"}],"about":[{"href":"https:\/\/senoticias.com.br\/se\/wp-json\/wp\/v2\/types\/post"}],"author":[{"embeddable":true,"href":"https:\/\/senoticias.com.br\/se\/wp-json\/wp\/v2\/users\/1"}],"replies":[{"embeddable":true,"href":"https:\/\/senoticias.com.br\/se\/wp-json\/wp\/v2\/comments?post=69192"}],"version-history":[{"count":0,"href":"https:\/\/senoticias.com.br\/se\/wp-json\/wp\/v2\/posts\/69192\/revisions"}],"wp:featuredmedia":[{"embeddable":true,"href":"https:\/\/senoticias.com.br\/se\/wp-json\/wp\/v2\/media\/69207"}],"wp:attachment":[{"href":"https:\/\/senoticias.com.br\/se\/wp-json\/wp\/v2\/media?parent=69192"}],"wp:term":[{"taxonomy":"category","embeddable":true,"href":"https:\/\/senoticias.com.br\/se\/wp-json\/wp\/v2\/categories?post=69192"},{"taxonomy":"post_tag","embeddable":true,"href":"https:\/\/senoticias.com.br\/se\/wp-json\/wp\/v2\/tags?post=69192"}],"curies":[{"name":"wp","href":"https:\/\/api.w.org\/{rel}","templated":true}]}}