{"id":69087,"date":"2014-08-26T19:44:45","date_gmt":"2014-08-26T22:44:45","guid":{"rendered":"http:\/\/senoticias.com.br\/se\/?p=69087"},"modified":"2014-08-26T21:15:36","modified_gmt":"2014-08-27T00:15:36","slug":"eliane-com-jackson-barreto-sergipe-nao-sera-balcao-de-negocios","status":"publish","type":"post","link":"https:\/\/senoticias.com.br\/se\/eliane-com-jackson-barreto-sergipe-nao-sera-balcao-de-negocios\/","title":{"rendered":"Eliane: &#8220;com Jackson Barreto, Sergipe n\u00e3o ser\u00e1 balc\u00e3o de neg\u00f3cios&#8221;"},"content":{"rendered":"<div id=\"attachment_69088\" style=\"width: 330px\" class=\"wp-caption alignright\"><a href=\"http:\/\/senoticias.com.br\/se\/wp-content\/uploads\/2014\/08\/eliana.jpg\"><img loading=\"lazy\" decoding=\"async\" aria-describedby=\"caption-attachment-69088\" class=\"size-full wp-image-69088\" alt=\"Eliane: &quot;com JB, Sergipe n\u00e3o ser\u00e1 balc\u00e3o de neg\u00f3cios&quot; (Foto: Sergipe 247)\" src=\"http:\/\/senoticias.com.br\/se\/wp-content\/uploads\/2014\/08\/eliana.jpg\" width=\"320\" height=\"182\" srcset=\"https:\/\/senoticias.com.br\/se\/wp-content\/uploads\/2014\/08\/eliana.jpg 320w, https:\/\/senoticias.com.br\/se\/wp-content\/uploads\/2014\/08\/eliana-300x170.jpg 300w\" sizes=\"(max-width: 320px) 100vw, 320px\" \/><\/a><p id=\"caption-attachment-69088\" class=\"wp-caption-text\">Eliane: &#8220;com JB, Sergipe n\u00e3o ser\u00e1 balc\u00e3o de neg\u00f3cios&#8221; (Foto: Sergipe 247)<\/p><\/div>\n<p style=\"text-align: justify;\"><a href=\"http:\/\/www.brasil247.com\/pt\/247\/sergipe247\/\" target=\"_blank\"><strong>Sergipe 247<\/strong><\/a> &#8211; A ex-primeira-dama do Estado, Eliane Aquino, afirmou, no \u00faltimo final de semana, durante com\u00edcio em Itabaiana, que apoia a candidatura do governador Jackson Barreto (PMDB) \u00e0 reelei\u00e7\u00e3o para impedir que que \u201cSergipe se transforme num balc\u00e3o de neg\u00f3cios\u201d. Ela tamb\u00e9m defendeu o fortalecimento do Banco do Estado de Sergipe (Banese), que, de acordo com ela, estava \u201cquase falido\u201d, em 2007, quando Marcelo D\u00e9da assumiu o governo do Estado.<\/p>\n<p style=\"text-align: justify;\">\u201cEstou participando desta campanha por dois motivos. Primeiro, por mim e por ele [D\u00e9da]. Se ele estivesse aqui, com certeza, estaria neste palanque, ao lado dessas pessoas nas quais ele acreditava. O segundo motivo \u00e9 que Marcelo D\u00e9da me pediu que eu ajudasse Jackson quando ele n\u00e3o pudesse mais. Fa\u00e7o com carinho. Acredito nesse cara. Jackson continuar\u00e1 carregando a nossa bandeira, a bandeira da verdade, do compromisso com Sergipe, para que continue se desenvolvendo, sem fazer balc\u00e3o de neg\u00f3cios, sem vender nosso Estado\u201d, afirmou.<\/p>\n<p style=\"text-align: justify;\">Ao falar do Banese, Eliane ressaltou a import\u00e2ncia da institui\u00e7\u00e3o financeira se manter p\u00fablica. \u201cO que temos \u00e9 com muito orgulho. N\u00e3o podemos deixar que vendam o que \u00e9 do nosso povo\u201d, afirmou ela, numa clara refer\u00eancia a fatos recentes que envolveram a retirada das contas da prefeitura de Aracaju, pelo prefeito Jo\u00e3o Alves Filho (DEM). A quest\u00e3o est\u00e1 sob liminar judicial.<\/p>\n<p style=\"text-align: justify;\">Bastante emocionada, a ex-primeira-dama fez nova refer\u00eancia ao ex-governador Marcelo D\u00e9da. \u201cNosso lado \u00e9 o lado do bem, da verdade, de quem n\u00e3o quer fazer Sergipe voltar atr\u00e1s. Sabemos o que era o Brasil e Sergipe h\u00e1 12 anos. Todo mundo sabe quem foi D\u00e9da e sabe o que ele trabalhou e fez por Sergipe\u201d, afirmou.<\/p>\n<p style=\"text-align: justify;\">\u201c\u00c9 por esse D\u00e9da, que \u00e9 guerreiro do povo brasileiro e sergipano, que a gente vai mostrar que Sergipe continuar\u00e1 no caminho do bem. Por ele, vou trabalhar at\u00e9 o \u00faltimo dia dessa elei\u00e7\u00e3o. Sergipe sabe o que quer, quer ser um Estado cada vez melhor para o povo e com o povo\u201d, disse\u201d, completou. Em Sergipe, Eliane Aquino coordena a campanha \u00e0 reelei\u00e7\u00e3o da presidente Dilma Rousseff (PT).<\/p>\n<p><strong>Siga o SE Not\u00edcias pelo <a href=\" https:\/\/twitter.com\/Senoticias\" target=\"_blank\">Twitter<\/a> e curta no <a href=\" https:\/\/www.facebook.com\/PortalSENoticias\" target=\"_blank\">Facebook<\/a><\/strong><\/p>\n","protected":false},"excerpt":{"rendered":"<p>Sergipe 247 &#8211; A ex-primeira-dama do Estado, Eliane Aquino, afirmou, no \u00faltimo final de semana, durante com\u00edcio em Itabaiana, que apoia a candidatura do governador Jackson Barreto (PMDB) \u00e0 reelei\u00e7\u00e3o para impedir que que \u201cSergipe se transforme num balc\u00e3o de neg\u00f3cios\u201d. Ela tamb\u00e9m defendeu o fortalecimento do Banco do Estado de Sergipe (Banese), que, de [&hellip;]<\/p>\n","protected":false},"author":1,"featured_media":69088,"comment_status":"closed","ping_status":"closed","sticky":false,"template":"","format":"standard","meta":{"footnotes":""},"categories":[6],"tags":[],"class_list":{"0":"post-69087","1":"post","2":"type-post","3":"status-publish","4":"format-standard","5":"has-post-thumbnail","7":"category-politica"},"_links":{"self":[{"href":"https:\/\/senoticias.com.br\/se\/wp-json\/wp\/v2\/posts\/69087"}],"collection":[{"href":"https:\/\/senoticias.com.br\/se\/wp-json\/wp\/v2\/posts"}],"about":[{"href":"https:\/\/senoticias.com.br\/se\/wp-json\/wp\/v2\/types\/post"}],"author":[{"embeddable":true,"href":"https:\/\/senoticias.com.br\/se\/wp-json\/wp\/v2\/users\/1"}],"replies":[{"embeddable":true,"href":"https:\/\/senoticias.com.br\/se\/wp-json\/wp\/v2\/comments?post=69087"}],"version-history":[{"count":0,"href":"https:\/\/senoticias.com.br\/se\/wp-json\/wp\/v2\/posts\/69087\/revisions"}],"wp:featuredmedia":[{"embeddable":true,"href":"https:\/\/senoticias.com.br\/se\/wp-json\/wp\/v2\/media\/69088"}],"wp:attachment":[{"href":"https:\/\/senoticias.com.br\/se\/wp-json\/wp\/v2\/media?parent=69087"}],"wp:term":[{"taxonomy":"category","embeddable":true,"href":"https:\/\/senoticias.com.br\/se\/wp-json\/wp\/v2\/categories?post=69087"},{"taxonomy":"post_tag","embeddable":true,"href":"https:\/\/senoticias.com.br\/se\/wp-json\/wp\/v2\/tags?post=69087"}],"curies":[{"name":"wp","href":"https:\/\/api.w.org\/{rel}","templated":true}]}}