{"id":69084,"date":"2014-08-26T19:00:56","date_gmt":"2014-08-26T22:00:56","guid":{"rendered":"http:\/\/senoticias.com.br\/se\/?p=69084"},"modified":"2014-08-26T19:00:56","modified_gmt":"2014-08-26T22:00:56","slug":"cge-participa-de-debates-na-ii-conferencia-estadual-sobre-terceirizacao-e-seguranca-no-trabalho","status":"publish","type":"post","link":"https:\/\/senoticias.com.br\/se\/cge-participa-de-debates-na-ii-conferencia-estadual-sobre-terceirizacao-e-seguranca-no-trabalho\/","title":{"rendered":"CGE participa de debates na II Confer\u00eancia Estadual sobre Terceiriza\u00e7\u00e3o e Seguran\u00e7a no Trabalho"},"content":{"rendered":"<p style=\"text-align: justify;\">\nT\u00e9cnicos da Controladoria-Geral do Estado (CGE\/SE) participaram, nesta segunda-feira, 26, da II Confer\u00eancia Estadual sobre Terceiriza\u00e7\u00e3o das Rela\u00e7\u00f5es de Trabalho e Repercuss\u00f5es na Sa\u00fade e Seguran\u00e7a do Trabalhador. Organizado pelo Grupo de Trabalho Interinstitucional da 20\u00aa Regi\u00e3o \u2013 Sergipe (Getrin20), o evento contou com a presen\u00e7a de profissionais do judici\u00e1rio e do Poder Executivo, bem como de estudantes, especialistas da \u00e1rea e agentes da sociedade civil.<\/p>\n<div id=\"attachment_69085\" style=\"width: 604px\" class=\"wp-caption aligncenter\"><a href=\"http:\/\/senoticias.com.br\/se\/wp-content\/uploads\/2014\/08\/publico_conferencia_600.jpg\"><img loading=\"lazy\" decoding=\"async\" aria-describedby=\"caption-attachment-69085\" class=\"size-full wp-image-69085\" alt=\"O evento contou com a presen\u00e7a de profissionais do judici\u00e1rio e do Poder Executivo, bem como de estudantes, especialistas da \u00e1rea e agentes da sociedade civil. (Foto:  CGE\/SE)\" src=\"http:\/\/senoticias.com.br\/se\/wp-content\/uploads\/2014\/08\/publico_conferencia_600.jpg\" width=\"594\" height=\"391\" srcset=\"https:\/\/senoticias.com.br\/se\/wp-content\/uploads\/2014\/08\/publico_conferencia_600.jpg 594w, https:\/\/senoticias.com.br\/se\/wp-content\/uploads\/2014\/08\/publico_conferencia_600-300x197.jpg 300w, https:\/\/senoticias.com.br\/se\/wp-content\/uploads\/2014\/08\/publico_conferencia_600-342x225.jpg 342w\" sizes=\"(max-width: 594px) 100vw, 594px\" \/><\/a><p id=\"caption-attachment-69085\" class=\"wp-caption-text\">O evento contou com a presen\u00e7a de profissionais do judici\u00e1rio e do Poder Executivo, bem como de estudantes, especialistas da \u00e1rea e agentes da sociedade civil. (Foto: CGE\/SE)<\/p><\/div>\n<p style=\"text-align: justify;\">A Confer\u00eancia, segundo Jorge Ant\u00f4nio Cardoso, desembargador do Tribunal Regional do Trabalho (TRT) e coordenador do Getrin20, foi uma oportunidade de reunir representantes de v\u00e1rias institui\u00e7\u00f5es para discutir sobre a terceiriza\u00e7\u00e3o de servi\u00e7os, al\u00e9m de avan\u00e7ar na conscientiza\u00e7\u00e3o da import\u00e2ncia de seguir as normas que definem os modos de preven\u00e7\u00e3o de acidentes de trabalho e doen\u00e7as ocupacionais.<\/p>\n<p style=\"text-align: justify;\">&#8220;O foco deste evento \u00e9 fazer um link da terceiriza\u00e7\u00e3o com a seguran\u00e7a no trabalho. Temos constatado estatisticamente que, de cada 5 acidentes ou doen\u00e7as profissionais que o trabalhador sofre, cerca de 4 ocorre com os terceirizados. A expectativa \u00e9 que todos reflitam para que se chegue a uma posi\u00e7\u00e3o mais justa e adequada sobre a tem\u00e1tica&#8221;, explica Cardoso.<\/p>\n<p style=\"text-align: justify;\"><strong> Debates<\/strong><\/p>\n<p style=\"text-align: justify;\">A II Confer\u00eancia Estadual recebeu a palestra do Mestre em Ci\u00eancia Pol\u00edtica pela Unicamp e Doutor em Sociologia pela Universidade de S\u00e3o Paulo, Ricardo Antunes, que apresentou o tema: Nova Morfologia do Trabalho, Terceiriza\u00e7\u00e3o e Precariza\u00e7\u00e3o. &#8220;Temos que pensar numa sociedade que n\u00e3o considera o trabalhador como uma &#8216;coisa&#8217; ou visto como uma mercadoria que s\u00f3 tem um sentido mercantil e lucrativo para os grandes capitalistas&#8221;, afirma Antunes.<\/p>\n<p style=\"text-align: justify;\">Na ocasi\u00e3o, foi realizado pain\u00e9is de discuss\u00e3o com o procurador do Trabalho, Jos\u00e9 Adilson Pereira da Costa, que abordou acerca da vis\u00e3o do Minist\u00e9rio P\u00fablico do Trabalho sobre a Terceiriza\u00e7\u00e3o e a Seguran\u00e7a no Trabalho; al\u00e9m do juiz titular da 8\u00aa Vara do Trabalho de Aracaju, Alexandre Manuel Pereira, que demonstrou as implica\u00e7\u00f5es da terceiriza\u00e7\u00e3o do trabalho e sua rela\u00e7\u00e3o com a sa\u00fade do trabalhador.<\/p>\n<p style=\"text-align: justify;\">Segundo o secret\u00e1rio-chefe da Controladoria-Geral do Estado (CGE\/SE), Adinelson Alves, a confer\u00eancia foi um momento de ampliar as reflex\u00f5es que j\u00e1 s\u00e3o conduzidas pela CGE, no sentido de construir as condi\u00e7\u00f5es objetivas para a moderniza\u00e7\u00e3o da gest\u00e3o estadual, de modo a assegurar servi\u00e7os de qualidade para a popula\u00e7\u00e3o sergipana.<\/p>\n<p style=\"text-align: justify;\">&#8220;A CGE tem se articulado com institui\u00e7\u00f5es, a exemplo do Minist\u00e9rio P\u00fablico do Trabalho e da Advocacia Geral da Uni\u00e3o, com o objetivo de consolidar os entendimentos sobre a S\u00famula 331, do Tribunal Superior do Trabalho (TST), que autoriza a execu\u00e7\u00e3o indireta de algumas atividades na Administra\u00e7\u00e3o P\u00fablica, tanto dos munic\u00edpios quanto dos governos estaduais e da Uni\u00e3o&#8221;, relata.<\/p>\n<p><strong>Siga o SE Not\u00edcias pelo <a href=\" https:\/\/twitter.com\/Senoticias\" target=\"_blank\">Twitter<\/a> e curta no <a href=\" https:\/\/www.facebook.com\/PortalSENoticias\" target=\"_blank\">Facebook<\/a><\/strong><\/p>\n<p>&nbsp;<\/p>\n<div><em>Assessoria de Comunica\u00e7\u00e3o \/Ascom\u00a0<\/em><\/div>\n<div><em>Controladoria-Geral do Estado de Sergipe \/ CGE<\/em><\/div>\n","protected":false},"excerpt":{"rendered":"<p>T\u00e9cnicos da Controladoria-Geral do Estado (CGE\/SE) participaram, nesta segunda-feira, 26, da II Confer\u00eancia Estadual sobre Terceiriza\u00e7\u00e3o das Rela\u00e7\u00f5es de Trabalho e Repercuss\u00f5es na Sa\u00fade e Seguran\u00e7a do Trabalhador. Organizado pelo Grupo de Trabalho Interinstitucional da 20\u00aa Regi\u00e3o \u2013 Sergipe (Getrin20), o evento contou com a presen\u00e7a de profissionais do judici\u00e1rio e do Poder Executivo, bem [&hellip;]<\/p>\n","protected":false},"author":1,"featured_media":69085,"comment_status":"closed","ping_status":"closed","sticky":false,"template":"","format":"standard","meta":{"footnotes":""},"categories":[6],"tags":[],"class_list":{"0":"post-69084","1":"post","2":"type-post","3":"status-publish","4":"format-standard","5":"has-post-thumbnail","7":"category-politica"},"_links":{"self":[{"href":"https:\/\/senoticias.com.br\/se\/wp-json\/wp\/v2\/posts\/69084"}],"collection":[{"href":"https:\/\/senoticias.com.br\/se\/wp-json\/wp\/v2\/posts"}],"about":[{"href":"https:\/\/senoticias.com.br\/se\/wp-json\/wp\/v2\/types\/post"}],"author":[{"embeddable":true,"href":"https:\/\/senoticias.com.br\/se\/wp-json\/wp\/v2\/users\/1"}],"replies":[{"embeddable":true,"href":"https:\/\/senoticias.com.br\/se\/wp-json\/wp\/v2\/comments?post=69084"}],"version-history":[{"count":0,"href":"https:\/\/senoticias.com.br\/se\/wp-json\/wp\/v2\/posts\/69084\/revisions"}],"wp:featuredmedia":[{"embeddable":true,"href":"https:\/\/senoticias.com.br\/se\/wp-json\/wp\/v2\/media\/69085"}],"wp:attachment":[{"href":"https:\/\/senoticias.com.br\/se\/wp-json\/wp\/v2\/media?parent=69084"}],"wp:term":[{"taxonomy":"category","embeddable":true,"href":"https:\/\/senoticias.com.br\/se\/wp-json\/wp\/v2\/categories?post=69084"},{"taxonomy":"post_tag","embeddable":true,"href":"https:\/\/senoticias.com.br\/se\/wp-json\/wp\/v2\/tags?post=69084"}],"curies":[{"name":"wp","href":"https:\/\/api.w.org\/{rel}","templated":true}]}}