{"id":69078,"date":"2014-08-26T17:22:43","date_gmt":"2014-08-26T20:22:43","guid":{"rendered":"http:\/\/senoticias.com.br\/se\/?p=69078"},"modified":"2014-08-26T17:22:43","modified_gmt":"2014-08-26T20:22:43","slug":"seed-e-instituicoes-definem-acoes-para-semana-da-patria","status":"publish","type":"post","link":"https:\/\/senoticias.com.br\/se\/seed-e-instituicoes-definem-acoes-para-semana-da-patria\/","title":{"rendered":"Seed e institui\u00e7\u00f5es definem a\u00e7\u00f5es para Semana da P\u00e1tria"},"content":{"rendered":"<div id=\"attachment_69079\" style=\"width: 310px\" class=\"wp-caption alignright\"><a href=\"http:\/\/senoticias.com.br\/se\/wp-content\/uploads\/2014\/08\/grande-reuniao_desfile_260814.jpg\"><img loading=\"lazy\" decoding=\"async\" aria-describedby=\"caption-attachment-69079\" class=\"size-medium wp-image-69079\" alt=\"(Foto: SEED)\" src=\"http:\/\/senoticias.com.br\/se\/wp-content\/uploads\/2014\/08\/grande-reuniao_desfile_260814-300x199.jpg\" width=\"300\" height=\"199\" srcset=\"https:\/\/senoticias.com.br\/se\/wp-content\/uploads\/2014\/08\/grande-reuniao_desfile_260814-300x199.jpg 300w, https:\/\/senoticias.com.br\/se\/wp-content\/uploads\/2014\/08\/grande-reuniao_desfile_260814-342x227.jpg 342w, https:\/\/senoticias.com.br\/se\/wp-content\/uploads\/2014\/08\/grande-reuniao_desfile_260814.jpg 1000w\" sizes=\"(max-width: 300px) 100vw, 300px\" \/><\/a><p id=\"caption-attachment-69079\" class=\"wp-caption-text\">(Foto: SEED)<\/p><\/div>\n<p style=\"text-align: justify;\">A Secretaria de Estado da Educa\u00e7\u00e3o (Seed) promoveu na manh\u00e3 desta ter\u00e7a-feira, 26, uma reuni\u00e3o com diversas entidades que estar\u00e3o envolvidas com a realiza\u00e7\u00e3o da Semana da P\u00e1tria e do Desfile C\u00edvico e Militar em comemora\u00e7\u00e3o \u00e0 Independ\u00eancia do Brasil.<\/p>\n<p style=\"text-align: justify;\">O encontro aconteceu no audit\u00f3rio da Seed, e teve como convidados representantes do Pal\u00e1cio do Governo, Marinha, Pol\u00edcia Militar, 28\u00ba Batalh\u00e3o dos Ca\u00e7adores, For\u00e7a A\u00e9rea Brasileira (FAB), SMTT, Corpo de Bombeiros, Defesa Civil, EMURB, EMSURB, SAMU, Conselho Tutelar, Secretaria Municipal da Fam\u00edlia e Assist\u00eancia Social, e CPTRAN.<\/p>\n<p style=\"text-align: justify;\">Durante a reuni\u00e3o, o chefe do Cerimonial da Seed, Almir Garcez, mostrou passo a passo como ser\u00e1 a realiza\u00e7\u00e3o da Semana da P\u00e1tria e do desfile do 7 de Setembro. Ele discorreu sobre a abertura da Semana da P\u00e1tria, a se realizar no dia primeiro de setembro, na pra\u00e7a Fausto Cardoso, com acorrida do Fogo Simb\u00f3lico da P\u00e1tria. Todo o esquema, desde a chegada dos alunos ao local de concentra\u00e7\u00e3o, at\u00e9 o final do desfile, foi destacado pelo chefe do cerimonial.<\/p>\n<p style=\"text-align: justify;\">Com o tema &#8220;Liberdade, Liberdade, Abre as Asas Sobre N\u00f3s\u201d, a Semana da P\u00e1tria contar\u00e1 com o envolvimento de cada uma das institui\u00e7\u00f5es parceiras. Para garantir mais seguran\u00e7a aos estudantes, por exemplo, a Companhia de Pol\u00edcia de Tr\u00e2nsito (CPTran) ir\u00e1 interditar por alguns minutos algumas ruas para a realiza\u00e7\u00e3o da corrida da Fogo Simb\u00f3lico. J\u00e1 a Empresa Municipal de Servi\u00e7os Urbanos (EMSURB) contar\u00e1 com equipes no local para fazer a limpeza das ruas. Todas as outras institui\u00e7\u00f5es ter\u00e3o tamb\u00e9m um efetivo para auxiliar no momento do desfile C\u00edvico-Militar que ocorrerr\u00e1 no dia 7 de setembro na avenida Bar\u00e3o de Maruim.<\/p>\n<p style=\"text-align: justify;\"><strong>Semana da P\u00e1tria<\/strong><\/p>\n<p style=\"text-align: justify;\">A Semana da P\u00e1tria ter\u00e1 in\u00edcio no dia 1\u00ba de setembro, a partir das 8h, na Pra\u00e7a Fausto Cardoso, com a 77\u00aa Corrida do Fogo Simb\u00f3lico da P\u00e1tria. O tema deste ano ser\u00e1 &#8220;Liberdade, Liberdade, Abre as Asas Sobre N\u00f3s\u201d.<\/p>\n<p style=\"text-align: justify;\">A abertura ter\u00e1 in\u00edcio com a execu\u00e7\u00e3o do Hino Nacional Brasileiro pela Banda de M\u00fasica do 28\u00ba Batalh\u00e3o de Ca\u00e7adores \u2013 Campo Grande. Logo em seguida haver\u00e1 o hasteamento das bandeiras do Brasil, Mercosul, Sergipe e Aracaju, por autoridades presentes.<\/p>\n<p style=\"text-align: justify;\">A Corrida do Fogo Simb\u00f3lico sair\u00e1 da Ponte do Imperador conduzida por alunos da rede estadual de ensino que se destacaram nos Jogos Paral\u00edmpicos. Os estudantes ir\u00e3o percorrer a travessa Jos\u00e9 de Faro, Pra\u00e7a Ol\u00edmpio Campos, travessa Benjamin Constant, retornando \u00e0 Pra\u00e7a Fausto Cardoso, quando um aluno conduzir\u00e1 a tocha do fogo simb\u00f3lico da p\u00e1tria at\u00e9 a secret\u00e1ria de Estado da Educa\u00e7\u00e3o, Hort\u00eancia Ara\u00fajo, que acender\u00e1 a pira, instalada no palanque oficial.<\/p>\n<p style=\"text-align: justify;\">Participar\u00e3o da abertura da Semana da P\u00e1tria representa\u00e7\u00f5es das For\u00e7as Armadas, comandante da Capitania dos Portos do Estado de Sergipe, comandante do 28\u00ba Batalh\u00e3o de Ca\u00e7adores (Batalh\u00e3o Campo Grande), chefe da 19\u00aa Circunscri\u00e7\u00e3o do Servi\u00e7o Militar, comandante do Destacamento do Controle do Espa\u00e7o A\u00e9reo de Aracaju.<\/p>\n<p style=\"text-align: justify;\">Al\u00e9m dessas representa\u00e7\u00f5es, participar\u00e3o tamb\u00e9m autoridades civis e militares, comunidade sergipana, escolas das redes p\u00fablica estadual e particular, grupos comunit\u00e1rios, atletas, SAMU, SMTT, Corpo de Bombeiros, Pol\u00edcia Militar e Conselheiros Tutelares.<\/p>\n<p style=\"text-align: justify;\">As comemora\u00e7\u00f5es pela Independ\u00eancia do Brasil prosseguem no per\u00edodo de 3 a 6 de setembro, com o hasteamento solene das bandeiras no Complexo Administrativo da Seed com a participa\u00e7\u00e3o de alunos de escolas da rede estadual.<\/p>\n<p style=\"text-align: justify;\">No dia 5, haver\u00e1 a missa solene da Independ\u00eancia no audit\u00f3rio Professora Maria Herm\u00ednia Caldas, na sede da Seed, a partir das 9h. No dia 6, acontecer\u00e1 o desfile c\u00edvico estudantil \u00e0s 16h, na rua Nestor Sampaio.<\/p>\n<p style=\"text-align: justify;\"><strong>Sete de Setembro<\/strong><\/p>\n<p style=\"text-align: justify;\">As atividades alusivas \u00e0 Semana da P\u00e1tria culminar\u00e3o no dia de 7 de setembro, data em que se comemora a Independ\u00eancia do Brasil, com os desfiles c\u00edvico e militar na avenida Bar\u00e3o de Maruim. O desfile ter\u00e1 in\u00edcio \u00e0s 8h, com a Parada Militar, na avenida Bar\u00e3o de Maruim, e prosseguir\u00e1 com a participa\u00e7\u00e3o de 26 escolas, 20 das quais s\u00e3o da rede estadual e seis da rede particular de ensino.<\/p>\n<p style=\"text-align: justify;\">O evento ser\u00e1 aberto pela Parada Militar, com desfiles a p\u00e9 e motorizado. Depois ser\u00e1 a vez do desfile comunit\u00e1rio, com representa\u00e7\u00f5es de conselhos, clubes e institutos comunit\u00e1rios. Logo em seguida haver\u00e1 o desfile estudantil, com o tema &#8220;Liberdade, Liberdade, Abre As Asas Sobre N\u00f3s\u201d, momento em que os estudantes das redes estadual, federal e particular de ensino entrar\u00e3o na avenida.<\/p>\n<p style=\"text-align: justify;\"><em>Fonte: SEED<\/em><\/p>\n<p style=\"text-align: justify;\">S<strong>iga o SE Not\u00edcias pelo <a href=\"https:\/\/twitter.com\/Senoticias\" target=\"_blank\">Twitter <\/a>e curta pelo <a href=\"https:\/\/www.facebook.com\/PortalSENoticias\" target=\"_blank\">Facebook\u00a0<\/a><\/strong><\/p>\n","protected":false},"excerpt":{"rendered":"<p>A Secretaria de Estado da Educa\u00e7\u00e3o (Seed) promoveu na manh\u00e3 desta ter\u00e7a-feira, 26, uma reuni\u00e3o com diversas entidades que estar\u00e3o envolvidas com a realiza\u00e7\u00e3o da Semana da P\u00e1tria e do Desfile C\u00edvico e Militar em comemora\u00e7\u00e3o \u00e0 Independ\u00eancia do Brasil. O encontro aconteceu no audit\u00f3rio da Seed, e teve como convidados representantes do Pal\u00e1cio do [&hellip;]<\/p>\n","protected":false},"author":1,"featured_media":69079,"comment_status":"closed","ping_status":"closed","sticky":false,"template":"","format":"standard","meta":{"footnotes":""},"categories":[44],"tags":[],"class_list":{"0":"post-69078","1":"post","2":"type-post","3":"status-publish","4":"format-standard","5":"has-post-thumbnail","7":"category-educacao"},"_links":{"self":[{"href":"https:\/\/senoticias.com.br\/se\/wp-json\/wp\/v2\/posts\/69078"}],"collection":[{"href":"https:\/\/senoticias.com.br\/se\/wp-json\/wp\/v2\/posts"}],"about":[{"href":"https:\/\/senoticias.com.br\/se\/wp-json\/wp\/v2\/types\/post"}],"author":[{"embeddable":true,"href":"https:\/\/senoticias.com.br\/se\/wp-json\/wp\/v2\/users\/1"}],"replies":[{"embeddable":true,"href":"https:\/\/senoticias.com.br\/se\/wp-json\/wp\/v2\/comments?post=69078"}],"version-history":[{"count":0,"href":"https:\/\/senoticias.com.br\/se\/wp-json\/wp\/v2\/posts\/69078\/revisions"}],"wp:featuredmedia":[{"embeddable":true,"href":"https:\/\/senoticias.com.br\/se\/wp-json\/wp\/v2\/media\/69079"}],"wp:attachment":[{"href":"https:\/\/senoticias.com.br\/se\/wp-json\/wp\/v2\/media?parent=69078"}],"wp:term":[{"taxonomy":"category","embeddable":true,"href":"https:\/\/senoticias.com.br\/se\/wp-json\/wp\/v2\/categories?post=69078"},{"taxonomy":"post_tag","embeddable":true,"href":"https:\/\/senoticias.com.br\/se\/wp-json\/wp\/v2\/tags?post=69078"}],"curies":[{"name":"wp","href":"https:\/\/api.w.org\/{rel}","templated":true}]}}