{"id":69074,"date":"2014-08-26T17:13:00","date_gmt":"2014-08-26T20:13:00","guid":{"rendered":"http:\/\/senoticias.com.br\/se\/?p=69074"},"modified":"2014-08-26T17:14:54","modified_gmt":"2014-08-26T20:14:54","slug":"reserva-de-vagas-para-mulheres-nao-traz-resultado-nas-urnas-dizem-especialistas","status":"publish","type":"post","link":"https:\/\/senoticias.com.br\/se\/reserva-de-vagas-para-mulheres-nao-traz-resultado-nas-urnas-dizem-especialistas\/","title":{"rendered":"Reserva de vagas para mulheres n\u00e3o traz resultado nas urnas, dizem especialistas"},"content":{"rendered":"<p style=\"text-align: justify;\">Quase 20 anos depois de os partidos pol\u00edticos serem obrigados a criar uma cota m\u00ednima de 30% de candidaturas femininas, defensores da medida ainda lamentam que ela n\u00e3o tenha trazido resultados nas urnas. Atualmente, as mulheres ocupam menos de 10% dos assentos no parlamento brasileiro. Entretanto, 52,1% do eleitorado do pa\u00eds (74,4 milh\u00f5es) \u00e9 composto pelo sexo feminino, segundo dados do Tribunal Superior Eleitoral (TSE).<\/p>\n<div id=\"attachment_69075\" style=\"width: 559px\" class=\"wp-caption aligncenter\"><a href=\"http:\/\/senoticias.com.br\/se\/wp-content\/uploads\/2014\/08\/conteudo_2_42879_20140826162215_53fcde67acd3e.jpg\"><img loading=\"lazy\" decoding=\"async\" aria-describedby=\"caption-attachment-69075\" class=\" wp-image-69075  \" alt=\"Foto: Arquivo Ag\u00eancia Brasil\" src=\"http:\/\/senoticias.com.br\/se\/wp-content\/uploads\/2014\/08\/conteudo_2_42879_20140826162215_53fcde67acd3e.jpg\" width=\"549\" height=\"367\" srcset=\"https:\/\/senoticias.com.br\/se\/wp-content\/uploads\/2014\/08\/conteudo_2_42879_20140826162215_53fcde67acd3e.jpg 610w, https:\/\/senoticias.com.br\/se\/wp-content\/uploads\/2014\/08\/conteudo_2_42879_20140826162215_53fcde67acd3e-300x200.jpg 300w, https:\/\/senoticias.com.br\/se\/wp-content\/uploads\/2014\/08\/conteudo_2_42879_20140826162215_53fcde67acd3e-342x228.jpg 342w\" sizes=\"(max-width: 549px) 100vw, 549px\" \/><\/a><p id=\"caption-attachment-69075\" class=\"wp-caption-text\">Foto: Arquivo Ag\u00eancia Brasil<\/p><\/div>\n<p style=\"text-align: justify;\">Para especialistas, a subrepresenta\u00e7\u00e3o feminina no cen\u00e1rio pol\u00edtico est\u00e1 ligada a barreiras impostas dentro dos partidos e n\u00e3o a uma descren\u00e7a do eleitorado na capacidade da mulher.<\/p>\n<p style=\"text-align: justify;\">O dem\u00f3grafo e professor da Escola Nacional de Ci\u00eancias Estat\u00edsticas do Instituto Brasileiro de Geografia e Estat\u00edstica (ENCE\/IBGE) Jos\u00e9 Eust\u00e1quio Diniz Alves diz que o eleitorado v\u00ea com bons olhos a mulher na pol\u00edtica. \u201cAs elei\u00e7\u00f5es de 2010 foram a prova de que o eleitorado n\u00e3o discrimina o sexo feminino, pois as duas mulheres [Dilma Rousseff e Marina Silva], entre nove candidatos, tiveram dois ter\u00e7os (67%) dos votos no primeiro turno. E uma mulher foi eleita presidenta da Republica, com mais de 54% dos votos\u201d, analisou, acrescentando que n\u00e3o considera o Brasil um pa\u00eds de forte tradi\u00e7\u00e3o patriarcal e machista.<\/p>\n<p style=\"text-align: justify;\">O dem\u00f3grafo ainda lembrou que pa\u00edses com tradi\u00e7\u00e3o democr\u00e1tica consolidada h\u00e1 mais tempo, como os Estados Unidos e a Fran\u00e7a, nunca tiveram mulheres na Presid\u00eancia. O problema, segundo ele, est\u00e1 \u201cfundamentalmente\u201d no Legislativo. \u201cPor uma pr\u00e1tica mis\u00f3gina dos partidos pol\u00edticos que s\u00e3o dominados pelos homens e n\u00e3o querem abrir m\u00e3o do poder. Ou seja, a discrimina\u00e7\u00e3o de g\u00eanero n\u00e3o est\u00e1 no eleitorado, mas principalmente nos partidos pol\u00edticos\u201d, destacou.<\/p>\n<p style=\"text-align: justify;\">Assim como Alves, outros estudiosos do processo eleitoral apontam que o maior desafio das mulheres \u00e9 romper as barreiras impostas por restri\u00e7\u00f5es dentro das legendas como, por exemplo, tentar o equil\u00edbrio nos investimentos destinados \u00e0s campanhas. Inicialmente, a legisla\u00e7\u00e3o eleitoral brasileira exigia apenas que os partidos reservassem uma porcentagem de vagas \u00e0s candidatas. H\u00e1 alguns anos, o preenchimento dos 30% se tornou obrigat\u00f3rio, mas, levantamentos feitos por organiza\u00e7\u00f5es como o Centro Feminista de Estudo e Assessoria (Cfemea) mostram que nas urnas essa reserva desaparece.<\/p>\n<p style=\"text-align: justify;\">\u201cA elei\u00e7\u00e3o anterior foi a que disparadamente teve um maior n\u00famero de candidatas e o resultado do processo, depois de 15 anos de pol\u00edtica de cotas, foi zero. Tivemos exatamente a mesma propor\u00e7\u00e3o de mulheres eleitas que experimentamos nas elei\u00e7\u00f5es anteriores a 2010. Como pode aumentar o n\u00famero de candidatas e o n\u00famero de eleitas n\u00e3o aumentar? Isso demonstra a falta de investimentos\u201d, avaliou a soci\u00f3loga Guacira C\u00e9sar Oliveira, diretora do colegiado do Cfemea.<\/p>\n<p style=\"text-align: justify;\">Para Guacira, a subrepresenta\u00e7\u00e3o feminina est\u00e1 diretamente associada ao sistema pol\u00edtico \u201caltamente excludente\u201d. \u201cAs candidaturas n\u00e3o s\u00e3o vis\u00edveis e n\u00e3o t\u00eam dinheiro para investir nas campanhas\u201d, afirmou. Segundo ela, a situa\u00e7\u00e3o das candidatas \u00e9 agravada quando se analisa a rotina di\u00e1ria da maioria das mulheres no pa\u00eds.<\/p>\n<p style=\"text-align: justify;\">N\u00fameros divulgados pelo Tribunal Superior Eleitoral (TSE) revelam que, de quase 8 mil candidatas registradas para as elei\u00e7\u00f5es deste ano, mais de 500 s\u00e3o donas de casa e 650 s\u00e3o professoras, enquanto, entre os candidatos homens, a maioria se declara empres\u00e1rio ou advogado. \u201cAs mulheres, de maneira geral, fazem dupla jornada e t\u00eam limita\u00e7\u00f5es que n\u00e3o foram aliviadas ao longo desses anos de democracia\u201d, lembrou a soci\u00f3loga que destaca que o cumprimento da cota m\u00ednima tem sido feito apenas em respeito \u00e0 lei, mas que, internamente, os partidos n\u00e3o d\u00e3o qualquer relev\u00e2ncia a essas candidaturas.<\/p>\n<p style=\"text-align: justify;\">\u201cN\u00e3o h\u00e1 mudan\u00e7as substantivas em nenhum lugar. A \u00fanica novidade em rela\u00e7\u00e3o \u00e0 elei\u00e7\u00e3o anterior \u00e9 no PSTU que tem 48% de candidaturas de mulheres para a C\u00e2mara. Os outros [partidos] se mantiveram na faixa de 30%, no cumprimento da lei\u201d, avaliou.<\/p>\n<p style=\"text-align: justify;\">A soci\u00f3loga descarta qualquer melhora nos resultados das urnas e diz que a \u00fanica solu\u00e7\u00e3o para garantir uma propor\u00e7\u00e3o adequada entre homens e mulheres no Legislativo seria uma profunda reforma pol\u00edtica. \u201cA minha expectativa \u00e9 de m\u00ednima melhora nessas elei\u00e7\u00f5es. Mesmo com toda a mobiliza\u00e7\u00e3o das ruas [nas manifesta\u00e7\u00f5es de junho de 2013], a discuss\u00e3o da reforma pol\u00edtica no Congresso Nacional, o que foi aprovado, s\u00f3 garante mais seguran\u00e7a aos partidos para continuarem fazendo o que j\u00e1 estavam fazendo. Todas as reformas foram conservadoras, mas a \u00faltima foi ainda mais\u201d, lamentou.<\/p>\n<p style=\"text-align: justify;\">Nas elei\u00e7\u00f5es deste ano, as mulheres representam pouco mais de 30% das candidaturas considerando todos os cargos disputados (presidente da Rep\u00fablica e vice, governador e vice, deputados e senadores).<\/p>\n<p style=\"text-align: justify;\">Na corrida para o Senado, por exemplo, de 182 candidatos, 35 s\u00e3o mulheres. Para a Presid\u00eancia da Rep\u00fablica, tr\u00eas candidatas tentam a vaga \u2013 Dilma Rousseff, Luciana Genro e Marina Silva. A maior propor\u00e7\u00e3o de mulheres (36,4%) est\u00e1 entre as indicadas para o cargo de vice-presidente. A corrida pelo comando dos governos estaduais \u00e9 a que tem menor participa\u00e7\u00e3o feminina. Apenas 17 mulheres concorrem a uma vaga para os Executivos estaduais entre as 169 candidaturas, o equivalente a pouco mais de 10%, segundo registro do TSE.<\/p>\n<p style=\"text-align: justify;\"><em>Fonte:\u00a0\u00a0Ag\u00eancia Brasil<\/em><\/p>\n<p style=\"text-align: justify;\"><strong>Siga o SE Not\u00edcias pelo <a href=\"https:\/\/twitter.com\/Senoticias\" target=\"_blank\">Twitter<\/a> e curta pelo <a href=\"https:\/\/www.facebook.com\/PortalSENoticias\" target=\"_blank\">Facebook\u00a0<\/a><\/strong><\/p>\n","protected":false},"excerpt":{"rendered":"<p>Quase 20 anos depois de os partidos pol\u00edticos serem obrigados a criar uma cota m\u00ednima de 30% de candidaturas femininas, defensores da medida ainda lamentam que ela n\u00e3o tenha trazido resultados nas urnas. Atualmente, as mulheres ocupam menos de 10% dos assentos no parlamento brasileiro. Entretanto, 52,1% do eleitorado do pa\u00eds (74,4 milh\u00f5es) \u00e9 composto [&hellip;]<\/p>\n","protected":false},"author":1,"featured_media":69075,"comment_status":"closed","ping_status":"closed","sticky":false,"template":"","format":"standard","meta":{"footnotes":""},"categories":[6],"tags":[],"class_list":{"0":"post-69074","1":"post","2":"type-post","3":"status-publish","4":"format-standard","5":"has-post-thumbnail","7":"category-politica"},"_links":{"self":[{"href":"https:\/\/senoticias.com.br\/se\/wp-json\/wp\/v2\/posts\/69074"}],"collection":[{"href":"https:\/\/senoticias.com.br\/se\/wp-json\/wp\/v2\/posts"}],"about":[{"href":"https:\/\/senoticias.com.br\/se\/wp-json\/wp\/v2\/types\/post"}],"author":[{"embeddable":true,"href":"https:\/\/senoticias.com.br\/se\/wp-json\/wp\/v2\/users\/1"}],"replies":[{"embeddable":true,"href":"https:\/\/senoticias.com.br\/se\/wp-json\/wp\/v2\/comments?post=69074"}],"version-history":[{"count":0,"href":"https:\/\/senoticias.com.br\/se\/wp-json\/wp\/v2\/posts\/69074\/revisions"}],"wp:featuredmedia":[{"embeddable":true,"href":"https:\/\/senoticias.com.br\/se\/wp-json\/wp\/v2\/media\/69075"}],"wp:attachment":[{"href":"https:\/\/senoticias.com.br\/se\/wp-json\/wp\/v2\/media?parent=69074"}],"wp:term":[{"taxonomy":"category","embeddable":true,"href":"https:\/\/senoticias.com.br\/se\/wp-json\/wp\/v2\/categories?post=69074"},{"taxonomy":"post_tag","embeddable":true,"href":"https:\/\/senoticias.com.br\/se\/wp-json\/wp\/v2\/tags?post=69074"}],"curies":[{"name":"wp","href":"https:\/\/api.w.org\/{rel}","templated":true}]}}