{"id":69065,"date":"2014-08-26T16:14:26","date_gmt":"2014-08-26T19:14:26","guid":{"rendered":"http:\/\/senoticias.com.br\/se\/?p=69065"},"modified":"2014-08-26T16:17:29","modified_gmt":"2014-08-26T19:17:29","slug":"segunda-dose-da-vacina-contra-o-hpv-sera-iniciada-em-setembro","status":"publish","type":"post","link":"https:\/\/senoticias.com.br\/se\/segunda-dose-da-vacina-contra-o-hpv-sera-iniciada-em-setembro\/","title":{"rendered":"Segunda dose da vacina contra o HPV ser\u00e1 iniciada em setembro"},"content":{"rendered":"<div id=\"attachment_58863\" style=\"width: 310px\" class=\"wp-caption alignright\"><a href=\"http:\/\/senoticias.com.br\/se\/wp-content\/uploads\/2014\/01\/vacina.jpg\"><img loading=\"lazy\" decoding=\"async\" aria-describedby=\"caption-attachment-58863\" class=\"size-medium wp-image-58863\" alt=\" Garotas entre 11 e 13 anos devem tomar vacina. (Foto: Reprodu\u00e7\u00e3o) \" src=\"http:\/\/senoticias.com.br\/se\/wp-content\/uploads\/2014\/01\/vacina-300x199.jpg\" width=\"300\" height=\"199\" srcset=\"https:\/\/senoticias.com.br\/se\/wp-content\/uploads\/2014\/01\/vacina-300x199.jpg 300w, https:\/\/senoticias.com.br\/se\/wp-content\/uploads\/2014\/01\/vacina-1024x680.jpg 1024w, https:\/\/senoticias.com.br\/se\/wp-content\/uploads\/2014\/01\/vacina-342x227.jpg 342w, https:\/\/senoticias.com.br\/se\/wp-content\/uploads\/2014\/01\/vacina.jpg 1200w\" sizes=\"(max-width: 300px) 100vw, 300px\" \/><\/a><p id=\"caption-attachment-58863\" class=\"wp-caption-text\"><br \/>Garotas entre 11 e 13 anos devem tomar vacina. (Foto: Reprodu\u00e7\u00e3o)<\/p><\/div>\n<p style=\"text-align: justify;\">A partir do dia 1\u00aa de setembro, garotas entre 11 e 13 anos de idade que tomaram a primeira dose da vacina contra o Papiloma V\u00edrus Humano (HPV) devem procurar as Unidades B\u00e1sicas de Sa\u00fade de Sergipe para tomar a 2\u00aa dose.<\/p>\n<p style=\"text-align: justify;\">De acordo com S\u00e2ndala Teles, gerente do programa de Imuniza\u00e7\u00e3o da Secretaria de Estado da Sa\u00fade (SES), \u201ca vacina \u00e9 de rotina e, por isso, mesmo depois da campanha da primeira dose, ela continua sendo disponibilizada nas Unidades de Sa\u00fade para as meninas entre 11 e 13 anos\u201d.<\/p>\n<p style=\"text-align: justify;\">Segundo dados do programa de Imuniza\u00e7\u00e3o da SES, Sergipe conseguiu atingir 89% da meta anual em apenas seis meses, tendo aplicado 53.672 doses, ultrapassando a meta nacional de vacinar 80%. Para Sergipe, a meta \u00e9 que 59.800 meninas nessa faixa et\u00e1ria sejam vacinadas.<\/p>\n<p style=\"text-align: justify;\">Para esta segunda fase, 60.000 doses j\u00e1 foram distribu\u00eddas em todos os 75 munic\u00edpios sergipanos. \u201cA adolescente dever\u00e1 tomar tr\u00eas doses da vacina. A primeira foi aplicada em mar\u00e7o deste ano, a segunda ser\u00e1 em setembro e a terceira ser\u00e1 agendada para 60 meses (5 anos) ap\u00f3s a data da primeira dose, sendo um refor\u00e7o para que as jovens permane\u00e7am imunes. \u00c9 preciso que os pais levem suas filhas para tomar esta segunda dose, que complementa a primeira, tornando-as imunes contra o v\u00edrus\u201d, explica.<\/p>\n<p style=\"text-align: justify;\">A vacina contra o HPV j\u00e1 est\u00e1 dispon\u00edvel nas Unidades B\u00e1sicas de Sa\u00fade. No entanto, a aplica\u00e7\u00e3o \u00e9 gradativa. Em 2014, est\u00e3o sendo vacinadas as adolescentes do sexo feminino entre 11 e 13 anos. J\u00e1 em 2015, ser\u00e1 a vez das adolescentes de 9 a 11 anos. A partir de 2016, ser\u00e3o vacinadas as meninas que completam 9 anos de idade.<\/p>\n<p style=\"text-align: justify;\"><strong>N\u00e3o bateram meta<\/strong><\/p>\n<p style=\"text-align: justify;\">Nessa primeira fase, 11 munic\u00edpios ainda n\u00e3o atingiram a meta: Graccho Cardoso (64,20%), Brejo Grande (64,72%), Nossa Senhora Aparecida (67,95%), Aquidab\u00e3 (74,64%), Divina Pastora (74,83%), Cedro de S\u00e3o Jo\u00e3o (75%), Malhada dos Bois (75%), Santa Luzia do Itanhy (75,19%), Pirambu (75,43%), Santo Amaro (77,56%), Aracaju (78,65%).<\/p>\n<p style=\"text-align: justify;\">\u201cAlguns munic\u00edpios alegam que suas jovens estudam em outros munic\u00edpios, o que compromete a estat\u00edstica. Mesmo assim, orientamos que todas as Secretarias Municipais fa\u00e7am a busca ativa e conversem com as fam\u00edlias sobre a import\u00e2ncia de cada jovem receber a dose da vacina em sua localidade\u201d, refor\u00e7a S\u00e2ndala Teles.<\/p>\n<p style=\"text-align: justify;\">Al\u00e9m da vacina, a SES distribuiu tamb\u00e9m todo material informativo para que os munic\u00edpios intensifiquem as a\u00e7\u00f5es. \u201c\u00c9 fundamental que todos fa\u00e7am sua parte e lembrem aos seus mun\u00edcipes da import\u00e2ncia de vacinar as filhas contra o HPV. \u00c9 muito importante n\u00e3o esquecer o Cart\u00e3o de Vacina\u00e7\u00e3o\u201d, ressalta S\u00e2ndala Teles.<\/p>\n<p style=\"text-align: justify;\"><strong>HPV<\/strong><\/p>\n<p style=\"text-align: justify;\">O v\u00edrus HPV \u00e9 uma das principais causas de ocorr\u00eancia do c\u00e2ncer do colo de \u00fatero, sendo a terceira maior taxa de incid\u00eancia entre os c\u00e2nceres que atingem as mulheres. A vacina ofertada pelo SUS \u00e9 eficaz na prote\u00e7\u00e3o de mulheres que ainda n\u00e3o iniciaram a vida sexual e, por isso, n\u00e3o tiveram contato com o v\u00edrus.<\/p>\n<p style=\"text-align: justify;\">A vacina oferece prote\u00e7\u00e3o contra quatro subtipos do v\u00edrus causador do HPV (6, 11, 16 e 18). Desses, os 16 e 18 s\u00e3o respons\u00e1veis por cerca de 70% dos casos de c\u00e2ncer de colo do \u00fatero em todo o mundo. J\u00e1 os tipos 6 e 11 s\u00e3o encontrados na maioria em verrugas genitais.<\/p>\n<p style=\"text-align: justify;\">&#8220;O HPV pode ficar no organismo durante anos sem a manifesta\u00e7\u00e3o de sinais e sintomas. Ele pode ser passado de uma pessoa para outra durante rela\u00e7\u00f5es sexuais sem prote\u00e7\u00e3o, gesta\u00e7\u00e3o ou no momento do parto. Por isso, a recomenda\u00e7\u00e3o \u00e9 a vacina\u00e7\u00e3o contra o v\u00edrus, o exame Papanicolau periodicamente e o uso constante do preservativo&#8221;, explica Almir Santana, gerente do programa de DST\/Aids da Secretaria de Estado da Sa\u00fade.<\/p>\n<p style=\"text-align: justify;\"><em>* Com informa\u00e7\u00f5es da SES.<\/em><\/p>\n<p style=\"text-align: justify;\"><strong>Siga o SE Not\u00edcias pelo <a href=\"https:\/\/twitter.com\/Senoticias\" target=\"_blank\">Twitter<\/a> e curta pelo <a href=\"https:\/\/www.facebook.com\/PortalSENoticias\" target=\"_blank\">Facebook\u00a0<\/a><\/strong><\/p>\n","protected":false},"excerpt":{"rendered":"<p>A partir do dia 1\u00aa de setembro, garotas entre 11 e 13 anos de idade que tomaram a primeira dose da vacina contra o Papiloma V\u00edrus Humano (HPV) devem procurar as Unidades B\u00e1sicas de Sa\u00fade de Sergipe para tomar a 2\u00aa dose. De acordo com S\u00e2ndala Teles, gerente do programa de Imuniza\u00e7\u00e3o da Secretaria de [&hellip;]<\/p>\n","protected":false},"author":1,"featured_media":58863,"comment_status":"closed","ping_status":"closed","sticky":false,"template":"","format":"standard","meta":{"footnotes":""},"categories":[38],"tags":[],"class_list":{"0":"post-69065","1":"post","2":"type-post","3":"status-publish","4":"format-standard","5":"has-post-thumbnail","7":"category-municipios"},"_links":{"self":[{"href":"https:\/\/senoticias.com.br\/se\/wp-json\/wp\/v2\/posts\/69065"}],"collection":[{"href":"https:\/\/senoticias.com.br\/se\/wp-json\/wp\/v2\/posts"}],"about":[{"href":"https:\/\/senoticias.com.br\/se\/wp-json\/wp\/v2\/types\/post"}],"author":[{"embeddable":true,"href":"https:\/\/senoticias.com.br\/se\/wp-json\/wp\/v2\/users\/1"}],"replies":[{"embeddable":true,"href":"https:\/\/senoticias.com.br\/se\/wp-json\/wp\/v2\/comments?post=69065"}],"version-history":[{"count":0,"href":"https:\/\/senoticias.com.br\/se\/wp-json\/wp\/v2\/posts\/69065\/revisions"}],"wp:featuredmedia":[{"embeddable":true,"href":"https:\/\/senoticias.com.br\/se\/wp-json\/wp\/v2\/media\/58863"}],"wp:attachment":[{"href":"https:\/\/senoticias.com.br\/se\/wp-json\/wp\/v2\/media?parent=69065"}],"wp:term":[{"taxonomy":"category","embeddable":true,"href":"https:\/\/senoticias.com.br\/se\/wp-json\/wp\/v2\/categories?post=69065"},{"taxonomy":"post_tag","embeddable":true,"href":"https:\/\/senoticias.com.br\/se\/wp-json\/wp\/v2\/tags?post=69065"}],"curies":[{"name":"wp","href":"https:\/\/api.w.org\/{rel}","templated":true}]}}