{"id":69061,"date":"2014-08-26T15:57:22","date_gmt":"2014-08-26T18:57:22","guid":{"rendered":"http:\/\/senoticias.com.br\/se\/?p=69061"},"modified":"2014-08-27T09:49:33","modified_gmt":"2014-08-27T12:49:33","slug":"presidente-da-fenaj-vem-a-sergipe-debater-processos-contra-jornalistas-e-discutir-assuntos-de-interesse-da-categoria","status":"publish","type":"post","link":"https:\/\/senoticias.com.br\/se\/presidente-da-fenaj-vem-a-sergipe-debater-processos-contra-jornalistas-e-discutir-assuntos-de-interesse-da-categoria\/","title":{"rendered":"Presidente da FENAJ vem a Sergipe debater processos contra jornalistas"},"content":{"rendered":"<div id=\"attachment_69063\" style=\"width: 310px\" class=\"wp-caption alignright\"><a href=\"http:\/\/senoticias.com.br\/se\/wp-content\/uploads\/2014\/08\/Fenaj.jpg\"><img loading=\"lazy\" decoding=\"async\" aria-describedby=\"caption-attachment-69063\" class=\"size-medium wp-image-69063\" alt=\"Celso Schroder participar\u00e1 de um debate com jornalistas, professores e estudantes de Jornalismo no Audit\u00f3rio da Universidade Federal de Sergipe (UFS). (Arquivo\/Fenaj)\" src=\"http:\/\/senoticias.com.br\/se\/wp-content\/uploads\/2014\/08\/Fenaj-300x187.jpg\" width=\"300\" height=\"187\" srcset=\"https:\/\/senoticias.com.br\/se\/wp-content\/uploads\/2014\/08\/Fenaj-300x187.jpg 300w, https:\/\/senoticias.com.br\/se\/wp-content\/uploads\/2014\/08\/Fenaj-342x213.jpg 342w, https:\/\/senoticias.com.br\/se\/wp-content\/uploads\/2014\/08\/Fenaj.jpg 400w\" sizes=\"(max-width: 300px) 100vw, 300px\" \/><\/a><p id=\"caption-attachment-69063\" class=\"wp-caption-text\">Celso Schroder participar\u00e1 de um debate com jornalistas, professores e estudantes de Jornalismo no Audit\u00f3rio da Universidade Federal de Sergipe (UFS). (Arquivo\/Fenaj)<\/p><\/div>\n<p style=\"text-align: justify;\">O presidente da Federa\u00e7\u00e3o Nacional dos Jornalistas (FENAJ), Celso Augusto Schroder, estar\u00e1 em Aracaju na pr\u00f3xima quinta-feira (28). A convite do Sindicato dos Jornalistas de Sergipe (SINDIJOR-SE), o presidente da FENAJ vai estar debatendo com a categoria sobre processos judiciais contra jornalistas sergipanos, PEC dos Jornalistas, Piso Nacional dos Jornalistas, Federaliza\u00e7\u00e3o de Crimes Contra Jornalistas, entre outros assuntos.<\/p>\n<p style=\"text-align: justify;\">Na sexta-feira, Celso Schroder participar\u00e1 de um debate com jornalistas, professores e estudantes de Jornalismo no Audit\u00f3rio da Universidade Federal de Sergipe (UFS). No debate, o representante nacional dos jornalistas tamb\u00e9m discutir\u00e1 com os profissionais da imprensa, estudantes e professores sobre as novas Diretrizes Curriculares do Curso de Jornalismo, al\u00e9m de ouvir sugest\u00f5es e tirar d\u00favidas da categoria.<\/p>\n<p style=\"text-align: justify;\">Para o presidente do SINDIJOR, Paulo Sousa, essa \u00e9 uma grande oportunidade para os jornalistas abordarem os mais diversos assuntos relacionados ao Jornalismo.<\/p>\n<p style=\"text-align: justify;\">\u201c\u00c9 um momento \u00edmpar para a categoria abordar os mais diversos assuntos, inclusive os processos judiciais contra os jornalistas sergipanos. H\u00e1 muito tempo n\u00e3o temos a presen\u00e7a da FENAJ em Sergipe, portanto, devemos aproveitar essa oportunidade para questionar o presidente sobre os mais diversos temas de interesse dos jornalistas e da sociedade\u201d, observa Paulo Sousa.<\/p>\n<p style=\"text-align: justify;\">O vice-presidente do SINDIJOR, Edmilson Brito, refor\u00e7a a import\u00e2ncia da presen\u00e7a do representante nacional dos jornalistas em Sergipe.<\/p>\n<p style=\"text-align: justify;\">\u201cSer\u00e1 um momento de congratula\u00e7\u00e3o entre os profissionais do Jornalismo com o representante maior da nossa categoria. A presen\u00e7a dele em Sergipe servir\u00e1 tamb\u00e9m para aprofundarmos a discuss\u00e3o de temas defendidos pelo SINDIJOR que visam valorizar os profissionais da imprensa\u201d, conclui.<\/p>\n<p style=\"text-align: justify;\">O presidente da FENAJ tamb\u00e9m estar\u00e1 concedendo entrevistas \u00e0 imprensa e fazendo visitas \u00e0s reda\u00e7\u00f5es dos ve\u00edculos de comunica\u00e7\u00e3o.<\/p>\n<p style=\"text-align: justify;\"><strong>Agenda do presidente da FENAJ:<\/strong><\/p>\n<p style=\"text-align: justify;\">Quinta-feira:<br \/>\nEntrevista ao Programa Liberdade News (Liberdade FM), \u00e0s 17h.<\/p>\n<p style=\"text-align: justify;\">Sexta-feira:<br \/>\nEntrevista ao Programa A Hora da Verdade (103 FM), \u00e0s 6h30.<br \/>\nEntrevista ao Programa Linha Direta (R\u00e1dio Cultura), \u00e0s 8h.<\/p>\n<p style=\"text-align: justify;\">Reuni\u00e3o com o presidente da OAB-SE, Carlos Augusto, e o ex-presidente do Conselho Federal da OAB, C\u00e9zar Brito, \u00e0s 9h, na sede da OAB-SE.<\/p>\n<p style=\"text-align: justify;\">Debate com jornalistas, estudantes e professores no Audit\u00f3rio da Did\u00e1tica 6 da Universidade Federal de Sergipe (UFS), \u00e0s 10h.<\/p>\n<p style=\"text-align: justify;\">Entrevista ao Programa Jornal da Ilha 2\u00aa edi\u00e7\u00e3o (Ilha FM), \u00e0s 17h.<\/p>\n<p>OBS: o presidente estar\u00e1 visitando as reda\u00e7\u00f5es dos principais ve\u00edculos de comunica\u00e7\u00e3o de Aracaju e estar\u00e1 \u00e0 disposi\u00e7\u00e3o dos jornalistas para entrevistas. A agenda do presidente tamb\u00e9m poder\u00e1 ser alterada a qualquer momento.<\/p>\n<p><strong>Siga o SE Not\u00edcias pelo <a href=\" https:\/\/twitter.com\/Senoticias\" target=\"_blank\">Twitter<\/a> e curta no <a href=\" https:\/\/www.facebook.com\/PortalSENoticias\" target=\"_blank\">Facebook<\/a><\/strong><\/p>\n<p>Ascom\/Sindijor<\/p>\n","protected":false},"excerpt":{"rendered":"<p>O presidente da Federa\u00e7\u00e3o Nacional dos Jornalistas (FENAJ), Celso Augusto Schroder, estar\u00e1 em Aracaju na pr\u00f3xima quinta-feira (28). A convite do Sindicato dos Jornalistas de Sergipe (SINDIJOR-SE), o presidente da FENAJ vai estar debatendo com a categoria sobre processos judiciais contra jornalistas sergipanos, PEC dos Jornalistas, Piso Nacional dos Jornalistas, Federaliza\u00e7\u00e3o de Crimes Contra Jornalistas, [&hellip;]<\/p>\n","protected":false},"author":1,"featured_media":69063,"comment_status":"closed","ping_status":"closed","sticky":false,"template":"","format":"standard","meta":{"footnotes":""},"categories":[6],"tags":[],"class_list":{"0":"post-69061","1":"post","2":"type-post","3":"status-publish","4":"format-standard","5":"has-post-thumbnail","7":"category-politica"},"_links":{"self":[{"href":"https:\/\/senoticias.com.br\/se\/wp-json\/wp\/v2\/posts\/69061"}],"collection":[{"href":"https:\/\/senoticias.com.br\/se\/wp-json\/wp\/v2\/posts"}],"about":[{"href":"https:\/\/senoticias.com.br\/se\/wp-json\/wp\/v2\/types\/post"}],"author":[{"embeddable":true,"href":"https:\/\/senoticias.com.br\/se\/wp-json\/wp\/v2\/users\/1"}],"replies":[{"embeddable":true,"href":"https:\/\/senoticias.com.br\/se\/wp-json\/wp\/v2\/comments?post=69061"}],"version-history":[{"count":0,"href":"https:\/\/senoticias.com.br\/se\/wp-json\/wp\/v2\/posts\/69061\/revisions"}],"wp:featuredmedia":[{"embeddable":true,"href":"https:\/\/senoticias.com.br\/se\/wp-json\/wp\/v2\/media\/69063"}],"wp:attachment":[{"href":"https:\/\/senoticias.com.br\/se\/wp-json\/wp\/v2\/media?parent=69061"}],"wp:term":[{"taxonomy":"category","embeddable":true,"href":"https:\/\/senoticias.com.br\/se\/wp-json\/wp\/v2\/categories?post=69061"},{"taxonomy":"post_tag","embeddable":true,"href":"https:\/\/senoticias.com.br\/se\/wp-json\/wp\/v2\/tags?post=69061"}],"curies":[{"name":"wp","href":"https:\/\/api.w.org\/{rel}","templated":true}]}}