{"id":69060,"date":"2014-08-26T15:56:45","date_gmt":"2014-08-26T18:56:45","guid":{"rendered":"http:\/\/senoticias.com.br\/se\/?p=69060"},"modified":"2014-08-26T15:57:58","modified_gmt":"2014-08-26T18:57:58","slug":"mp-afasta-cobranca-de-taxa-de-iluminacao-publica-na-barra-dos-coqueiros","status":"publish","type":"post","link":"https:\/\/senoticias.com.br\/se\/mp-afasta-cobranca-de-taxa-de-iluminacao-publica-na-barra-dos-coqueiros\/","title":{"rendered":"MP afasta cobran\u00e7a de taxa de ilumina\u00e7\u00e3o p\u00fablica na Barra dos Coqueiros"},"content":{"rendered":"<div id=\"attachment_56971\" style=\"width: 310px\" class=\"wp-caption alignright\"><a href=\"http:\/\/senoticias.com.br\/se\/wp-content\/uploads\/2013\/12\/grande-mpe_100413.jpg\"><img loading=\"lazy\" decoding=\"async\" aria-describedby=\"caption-attachment-56971\" class=\"size-medium wp-image-56971\" alt=\"(Foto: Divulga\u00e7\u00e3o) \" src=\"http:\/\/senoticias.com.br\/se\/wp-content\/uploads\/2013\/12\/grande-mpe_100413-300x199.jpg\" width=\"300\" height=\"199\" \/><\/a><p id=\"caption-attachment-56971\" class=\"wp-caption-text\">(Foto: Divulga\u00e7\u00e3o)<\/p><\/div>\n<p style=\"text-align: justify;\">Em sess\u00e3o realizada no dia 06 de agosto de 2014, o Pleno do Tribunal de Justi\u00e7a do Estado de Sergipe, por unanimidade, concedeu medida cautelar, na A\u00e7\u00e3o Direta de Inconstitucionalidade ajuizada pelo Minist\u00e9rio P\u00fablico do Estado de Sergipe, atrav\u00e9s de seu Procurador-Geral de Justi\u00e7a, Dr. Orlando Rochadel Moreira em face da C\u00e2mara dos Vereadores da Barra dos Coqueiros e do Prefeito daquela localidade.<\/p>\n<p style=\"text-align: justify;\">Segundo a Coordenadoria Recursal, a a\u00e7\u00e3o intentada visa combater Lei Municipal que instituiu a cobran\u00e7a de Taxa de Ilumina\u00e7\u00e3o P\u00fablica, em ofensa ao art. 134, II, da Constitui\u00e7\u00e3o Estadual.<\/p>\n<p style=\"text-align: justify;\">A C\u00e2mara Municipal da Barra dos Coqueiros aprovou a Lei n\u00ba 22\/1993, que passou a cobrar Taxa de Ilumina\u00e7\u00e3o P\u00fablica, contrariando o texto constitucional, haja vista que tal servi\u00e7o \u00e9 prestado de maneira indiscriminada, de modo que n\u00e3o h\u00e1 como distinguir quem se serve ou n\u00e3o dele, raz\u00e3o pela qual a sua utiliza\u00e7\u00e3o independe da contrapresta\u00e7\u00e3o pecuni\u00e1ria traduzida no pagamento da mencionada taxa.<\/p>\n<p style=\"text-align: justify;\">A norma combatida, sem qualquer respaldo jur\u00eddico, afronta claramente diversos preceitos consignados na Constitui\u00e7\u00e3o do Estado de Sergipe, sobretudo os anotados no artigo 134, II, bem assim do art. 145, II, da Constitui\u00e7\u00e3o Federal, os quais informam que as taxas s\u00e3o cobradas em virtude da utiliza\u00e7\u00e3o, efetiva e potencial, de servi\u00e7os p\u00fablicos espec\u00edficos e divis\u00edveis, prestados ao contribuinte ou postos a sua disposi\u00e7\u00e3o, e em virtude do poder de pol\u00edcia.<\/p>\n<p style=\"text-align: justify;\">A lei objurgada desobedece, ainda, Enunciado Sumular do Supremo Tribunal Federal n\u00ba 670, que disp\u00f5e taxativamente: \u201cO servi\u00e7o de ilumina\u00e7\u00e3o p\u00fablica n\u00e3o pode ser remunerado mediante taxa.\u201d.<\/p>\n<p style=\"text-align: justify;\">Nesse contexto, a decis\u00e3o mencionada coaduna-se com objetivo da atua\u00e7\u00e3o do Minist\u00e9rio P\u00fablico Sergipano, de extrair do ordenamento jur\u00eddico, qualquer ato normativo que vise atentar contra o interesse p\u00fablico.<\/p>\n<p style=\"text-align: justify;\"><em>Fonte:\u00a0MP\/SE<\/em><\/p>\n<p style=\"text-align: justify;\"><strong>Siga o SE Not\u00edcias pelo <a href=\"https:\/\/twitter.com\/Senoticias\" target=\"_blank\">Twitter<\/a> e curta pelo <a href=\"https:\/\/www.facebook.com\/PortalSENoticias\" target=\"_blank\">Facebook\u00a0<\/a><\/strong><\/p>\n","protected":false},"excerpt":{"rendered":"<p>Em sess\u00e3o realizada no dia 06 de agosto de 2014, o Pleno do Tribunal de Justi\u00e7a do Estado de Sergipe, por unanimidade, concedeu medida cautelar, na A\u00e7\u00e3o Direta de Inconstitucionalidade ajuizada pelo Minist\u00e9rio P\u00fablico do Estado de Sergipe, atrav\u00e9s de seu Procurador-Geral de Justi\u00e7a, Dr. Orlando Rochadel Moreira em face da C\u00e2mara dos Vereadores da [&hellip;]<\/p>\n","protected":false},"author":1,"featured_media":56971,"comment_status":"closed","ping_status":"closed","sticky":false,"template":"","format":"standard","meta":{"footnotes":""},"categories":[6],"tags":[],"class_list":{"0":"post-69060","1":"post","2":"type-post","3":"status-publish","4":"format-standard","5":"has-post-thumbnail","7":"category-politica"},"_links":{"self":[{"href":"https:\/\/senoticias.com.br\/se\/wp-json\/wp\/v2\/posts\/69060"}],"collection":[{"href":"https:\/\/senoticias.com.br\/se\/wp-json\/wp\/v2\/posts"}],"about":[{"href":"https:\/\/senoticias.com.br\/se\/wp-json\/wp\/v2\/types\/post"}],"author":[{"embeddable":true,"href":"https:\/\/senoticias.com.br\/se\/wp-json\/wp\/v2\/users\/1"}],"replies":[{"embeddable":true,"href":"https:\/\/senoticias.com.br\/se\/wp-json\/wp\/v2\/comments?post=69060"}],"version-history":[{"count":0,"href":"https:\/\/senoticias.com.br\/se\/wp-json\/wp\/v2\/posts\/69060\/revisions"}],"wp:featuredmedia":[{"embeddable":true,"href":"https:\/\/senoticias.com.br\/se\/wp-json\/wp\/v2\/media\/56971"}],"wp:attachment":[{"href":"https:\/\/senoticias.com.br\/se\/wp-json\/wp\/v2\/media?parent=69060"}],"wp:term":[{"taxonomy":"category","embeddable":true,"href":"https:\/\/senoticias.com.br\/se\/wp-json\/wp\/v2\/categories?post=69060"},{"taxonomy":"post_tag","embeddable":true,"href":"https:\/\/senoticias.com.br\/se\/wp-json\/wp\/v2\/tags?post=69060"}],"curies":[{"name":"wp","href":"https:\/\/api.w.org\/{rel}","templated":true}]}}