{"id":69056,"date":"2014-08-26T15:32:25","date_gmt":"2014-08-26T18:32:25","guid":{"rendered":"http:\/\/senoticias.com.br\/se\/?p=69056"},"modified":"2014-08-27T18:08:28","modified_gmt":"2014-08-27T21:08:28","slug":"69056","status":"publish","type":"post","link":"https:\/\/senoticias.com.br\/se\/69056\/","title":{"rendered":"Sancristovense conquista o ouro no V\u00f4lei de Praia nas Olimp\u00edadas da Juventude, na China"},"content":{"rendered":"<p style=\"text-align: justify;\">A dupla formada por Duda e Ana Patr\u00edcia conquistou de forma invicta a medalha de ouro no v\u00f4lei de praia feminino na Olimp\u00edada da Juventude nesta ter\u00e7a-feira em Nanquim. As brasileiras derrotaram na final a dupla canadense foramada pelas g\u00eameas Nicole Mcnamara e Megan Mcnamara, do Canad\u00e1, e ficou com o ouro em participa\u00e7\u00e3o invicta. A vit\u00f3ria veio por 2 sets a 1, parciais de 17\/21, 21\/13 e 16\/14<\/p>\n<div id=\"attachment_69082\" style=\"width: 600px\" class=\"wp-caption aligncenter\"><a href=\"http:\/\/senoticias.com.br\/se\/wp-content\/uploads\/2014\/08\/grande-duda-ouro-nanjing.jpg\"><img loading=\"lazy\" decoding=\"async\" aria-describedby=\"caption-attachment-69082\" class=\"size-full wp-image-69082\" alt=\"Mais um t\u00edtulo para a sancristovense Duda, bicampe\u00e3 mundial Sub-19. (Foto: FIVB)\" src=\"http:\/\/senoticias.com.br\/se\/wp-content\/uploads\/2014\/08\/grande-duda-ouro-nanjing.jpg\" width=\"590\" height=\"392\" srcset=\"https:\/\/senoticias.com.br\/se\/wp-content\/uploads\/2014\/08\/grande-duda-ouro-nanjing.jpg 590w, https:\/\/senoticias.com.br\/se\/wp-content\/uploads\/2014\/08\/grande-duda-ouro-nanjing-300x199.jpg 300w, https:\/\/senoticias.com.br\/se\/wp-content\/uploads\/2014\/08\/grande-duda-ouro-nanjing-342x227.jpg 342w\" sizes=\"(max-width: 590px) 100vw, 590px\" \/><\/a><p id=\"caption-attachment-69082\" class=\"wp-caption-text\">Mais um t\u00edtulo para a sancristovense Duda, bicampe\u00e3 mundial Sub-19. (Foto: FIVB)<\/p><\/div>\n<p style=\"text-align: justify;\">A conquista do ouro em Nanquim \u00e9 mais uma vit\u00f3ria da jovem Duda. A sergipana, que tem apenas 16 anos, foi bicampe\u00e3 mundial Sub-19 do v\u00f4lei de praia. E vice-campe\u00e3 mundial na categoria sub-23. Mesmo com a pouca idade, Duda j\u00e1 disputa o Circiuito Brasileiro Adulto.<\/p>\n<p style=\"text-align: justify;\">&#8211; N\u00f3s lutamos no primeiro set e elas nos venceram com muita facilidade. N\u00f3s tivemos uma grande recupera\u00e7\u00e3o para ganhar o segundo e o terceiro sets. N\u00f3s vamos comemorar hoje e depois vamos para casa celebrar com nossas fam\u00edlias. \u00c9 uma sensa\u00e7\u00e3o incr\u00edvel &#8211; disse Duda, ap\u00f3s a decis\u00e3o em Nanquim.<\/p>\n<p style=\"text-align: justify;\">J\u00e1 a mineira Ana Patr\u00edcia tem uma hist\u00f3ria diferente na modalidade. H\u00e1 dois anos praticava handebol, mas em uma competi\u00e7\u00e3o escolar regional, sua altura de 1,94 , chamou aten\u00e7\u00e3o e ela foi indicada ao treinador Giuliano Sucupira. A evolu\u00e7\u00e3o da atleta no v\u00f4lei de praia foi impressionante, e a conquista do ouro a deixou muito emocionada .<\/p>\n<p style=\"text-align: justify;\">&#8211; Pelo pouco tempo que eu tenho no v\u00f4lei, e por ser a primeira medalha em um torneio internacional, a alegria \u00e9 imensa. Venho de um lugar que seria improv\u00e1vel para chegar aqui (Espinosa, no interior de Minas Gerais), mas as coisas foram acontecendo. Gra\u00e7as a Deus consegui me firmar. Daqui pra frente, \u00e9 s\u00f3 mais alegria &#8211; disse Ana.<\/p>\n<p><strong>Siga o SE Not\u00edcias pelo<a href=\" https:\/\/twitter.com\/Senoticias\" target=\"_blank\"> Twitter <\/a>e curta no <a href=\" https:\/\/www.facebook.com\/PortalSENoticias\" target=\"_blank\">Facebook<\/a><\/strong><\/p>\n<p><strong><em>Reda\u00e7\u00e3o <a href=\" http:\/\/oglobo.globo.com\/esportes\/dupla-brasileira-do-volei-de-praia-conquista-ouro-nas-olimpiadas-da-juventude-em-nanquim-china-13731741\" target=\"_blank\">O Globo<\/a><\/em><\/strong><\/p>\n<p>&nbsp;<\/p>\n<p><span class=\"autor\" itemprop=\"author\" style=\"box-sizing: border-box; font-weight: bold; color: #1e96c8; font-family: OgloboCondensed, Arial, sans-serif; font-size: 18px; line-height: 18px; text-align: center; text-transform: uppercase; background-color: #ffffff;\">\u00a0<\/span><\/p>\n","protected":false},"excerpt":{"rendered":"<p>A dupla formada por Duda e Ana Patr\u00edcia conquistou de forma invicta a medalha de ouro no v\u00f4lei de praia feminino na Olimp\u00edada da Juventude nesta ter\u00e7a-feira em Nanquim. As brasileiras derrotaram na final a dupla canadense foramada pelas g\u00eameas Nicole Mcnamara e Megan Mcnamara, do Canad\u00e1, e ficou com o ouro em participa\u00e7\u00e3o invicta. [&hellip;]<\/p>\n","protected":false},"author":1,"featured_media":69082,"comment_status":"closed","ping_status":"closed","sticky":false,"template":"","format":"standard","meta":{"footnotes":""},"categories":[39,38,8],"tags":[],"class_list":{"0":"post-69056","1":"post","2":"type-post","3":"status-publish","4":"format-standard","5":"has-post-thumbnail","7":"category-esporte","8":"category-municipios","9":"category-esporte-e-cultura"},"_links":{"self":[{"href":"https:\/\/senoticias.com.br\/se\/wp-json\/wp\/v2\/posts\/69056"}],"collection":[{"href":"https:\/\/senoticias.com.br\/se\/wp-json\/wp\/v2\/posts"}],"about":[{"href":"https:\/\/senoticias.com.br\/se\/wp-json\/wp\/v2\/types\/post"}],"author":[{"embeddable":true,"href":"https:\/\/senoticias.com.br\/se\/wp-json\/wp\/v2\/users\/1"}],"replies":[{"embeddable":true,"href":"https:\/\/senoticias.com.br\/se\/wp-json\/wp\/v2\/comments?post=69056"}],"version-history":[{"count":0,"href":"https:\/\/senoticias.com.br\/se\/wp-json\/wp\/v2\/posts\/69056\/revisions"}],"wp:featuredmedia":[{"embeddable":true,"href":"https:\/\/senoticias.com.br\/se\/wp-json\/wp\/v2\/media\/69082"}],"wp:attachment":[{"href":"https:\/\/senoticias.com.br\/se\/wp-json\/wp\/v2\/media?parent=69056"}],"wp:term":[{"taxonomy":"category","embeddable":true,"href":"https:\/\/senoticias.com.br\/se\/wp-json\/wp\/v2\/categories?post=69056"},{"taxonomy":"post_tag","embeddable":true,"href":"https:\/\/senoticias.com.br\/se\/wp-json\/wp\/v2\/tags?post=69056"}],"curies":[{"name":"wp","href":"https:\/\/api.w.org\/{rel}","templated":true}]}}