{"id":69051,"date":"2014-08-26T14:39:39","date_gmt":"2014-08-26T17:39:39","guid":{"rendered":"http:\/\/senoticias.com.br\/se\/?p=69051"},"modified":"2014-08-27T18:04:26","modified_gmt":"2014-08-27T21:04:26","slug":"grave-acidente-deixa-rodovia-congestionada","status":"publish","type":"post","link":"https:\/\/senoticias.com.br\/se\/grave-acidente-deixa-rodovia-congestionada\/","title":{"rendered":"Acidente entre caminh\u00e3o, ca\u00e7amba e carros mata pelo menos duas pessoas em Capela"},"content":{"rendered":"<p style=\"text-align: justify;\">Duas pessoas morreram em um grave acidente de tr\u00e2nsito por volta das 10h30 desta ter\u00e7a-feira (26). Segundo a Pol\u00edcia Rodovi\u00e1ria Federal (PRF), cinco ve\u00edculos, sendo eles um caminh\u00e3o tanque, um caminh\u00e3o ca\u00e7amba e tr\u00eas carros de passeio, se envolveram na colis\u00e3o que aconteceu no KM 41 da BR 101 em Sergipe, pr\u00f3ximo ao Povoado Pirunga, no munic\u00edpio de Capela<\/p>\n<p style=\"text-align: justify;\">A colis\u00e3o aconteceu pr\u00f3ximo ao munic\u00edpio de Capela no trecho em obras, no Pare e Siga. Provavelmente algum condutor n\u00e3o prestou aten\u00e7\u00e3o na sinaliza\u00e7\u00e3o ou desrespeitou a norma e acabou ocasionando essa fatalidade, mas isso ainda vai ser investigado depois por que no momento a ocorr\u00eancia ainda est\u00e1 em andamento\u201d, informa a assessoria de comunica\u00e7\u00e3o da PRF.<\/p>\n<div id=\"attachment_69067\" style=\"width: 608px\" class=\"wp-caption aligncenter\"><a href=\"http:\/\/senoticias.com.br\/se\/wp-content\/uploads\/2014\/08\/Acidente.jpg\"><img loading=\"lazy\" decoding=\"async\" aria-describedby=\"caption-attachment-69067\" class=\"size-full wp-image-69067\" alt=\"O acidente envolveu tr\u00eas carros de passeio e duas carretas e at\u00e9 o momento est\u00e1 confirmada a morte de duas v\u00edtimas. (Foto: Bastidores da Not\u00edcia)\" src=\"http:\/\/senoticias.com.br\/se\/wp-content\/uploads\/2014\/08\/Acidente.jpg\" width=\"598\" height=\"389\" srcset=\"https:\/\/senoticias.com.br\/se\/wp-content\/uploads\/2014\/08\/Acidente.jpg 598w, https:\/\/senoticias.com.br\/se\/wp-content\/uploads\/2014\/08\/Acidente-300x195.jpg 300w, https:\/\/senoticias.com.br\/se\/wp-content\/uploads\/2014\/08\/Acidente-342x222.jpg 342w\" sizes=\"(max-width: 598px) 100vw, 598px\" \/><\/a><p id=\"caption-attachment-69067\" class=\"wp-caption-text\">O acidente envolveu tr\u00eas carros de passeio e duas carretas e at\u00e9 o momento est\u00e1 confirmada a morte de duas v\u00edtimas. (Foto: Bastidores da Not\u00edcia)<\/p><\/div>\n<p style=\"text-align: justify;\">O policial rodovi\u00e1rio federal, Ant\u00f4nio Passos, confirma que duas pessoas morreram e n\u00e3o descarta a possibilidade de mais v\u00edtimas, pois um carro de passeio continua embaixo do caminh\u00e3o ca\u00e7amba. &#8220;Pelo menos duas pessoas tamb\u00e9m se feriram e h\u00e1 pessoas presas \u00c0s ferragens&#8221;, afirma Passos.<\/p>\n<p style=\"text-align: justify;\">Ainda de acordo com a PRF, o tr\u00e1fego no local foi desviado para a pista nova, paralela a de onde houve a colis\u00e3o e flui normalmente. At\u00e9 o fechamento desta reportagem equipes do Servi\u00e7o de Atendimento M\u00f3vel de Urg\u00eancia (Samu), Corpo de Bombeiros, Instituto M\u00e9dico Legal (IML) e Ex\u00e9rcito, respons\u00e1veis pela duplica\u00e7\u00e3o desse trecho da estrada, permaneciam no local.<\/p>\n<p style=\"text-align: justify;\"><em>\u00a0<\/em><\/p>\n<p style=\"text-align: justify;\"><strong>Siga o SE Not\u00edcias pelo <a href=\"https:\/\/twitter.com\/Senoticias\" target=\"_blank\">Twitter<\/a> e curta no <a href=\"https:\/\/www.facebook.com\/PortalSENoticias\" target=\"_blank\">Facebook<\/a><\/strong><\/p>\n<p style=\"text-align: justify;\"><em>Informa\u00e7\u00f5es de\u00a0Marina Fontenele\/G1<\/em><\/p>\n","protected":false},"excerpt":{"rendered":"<p>Duas pessoas morreram em um grave acidente de tr\u00e2nsito por volta das 10h30 desta ter\u00e7a-feira (26). Segundo a Pol\u00edcia Rodovi\u00e1ria Federal (PRF), cinco ve\u00edculos, sendo eles um caminh\u00e3o tanque, um caminh\u00e3o ca\u00e7amba e tr\u00eas carros de passeio, se envolveram na colis\u00e3o que aconteceu no KM 41 da BR 101 em Sergipe, pr\u00f3ximo ao Povoado Pirunga, [&hellip;]<\/p>\n","protected":false},"author":1,"featured_media":69067,"comment_status":"closed","ping_status":"closed","sticky":false,"template":"","format":"standard","meta":{"footnotes":""},"categories":[310,38],"tags":[],"class_list":{"0":"post-69051","1":"post","2":"type-post","3":"status-publish","4":"format-standard","5":"has-post-thumbnail","7":"category-destaques-da-semana","8":"category-municipios"},"_links":{"self":[{"href":"https:\/\/senoticias.com.br\/se\/wp-json\/wp\/v2\/posts\/69051"}],"collection":[{"href":"https:\/\/senoticias.com.br\/se\/wp-json\/wp\/v2\/posts"}],"about":[{"href":"https:\/\/senoticias.com.br\/se\/wp-json\/wp\/v2\/types\/post"}],"author":[{"embeddable":true,"href":"https:\/\/senoticias.com.br\/se\/wp-json\/wp\/v2\/users\/1"}],"replies":[{"embeddable":true,"href":"https:\/\/senoticias.com.br\/se\/wp-json\/wp\/v2\/comments?post=69051"}],"version-history":[{"count":0,"href":"https:\/\/senoticias.com.br\/se\/wp-json\/wp\/v2\/posts\/69051\/revisions"}],"wp:featuredmedia":[{"embeddable":true,"href":"https:\/\/senoticias.com.br\/se\/wp-json\/wp\/v2\/media\/69067"}],"wp:attachment":[{"href":"https:\/\/senoticias.com.br\/se\/wp-json\/wp\/v2\/media?parent=69051"}],"wp:term":[{"taxonomy":"category","embeddable":true,"href":"https:\/\/senoticias.com.br\/se\/wp-json\/wp\/v2\/categories?post=69051"},{"taxonomy":"post_tag","embeddable":true,"href":"https:\/\/senoticias.com.br\/se\/wp-json\/wp\/v2\/tags?post=69051"}],"curies":[{"name":"wp","href":"https:\/\/api.w.org\/{rel}","templated":true}]}}