{"id":69048,"date":"2014-08-26T14:58:10","date_gmt":"2014-08-26T17:58:10","guid":{"rendered":"http:\/\/senoticias.com.br\/se\/?p=69048"},"modified":"2014-08-26T14:59:20","modified_gmt":"2014-08-26T17:59:20","slug":"iran-critica-afastamento-do-prefeito-nos-45-dias-que-antecedem-as-eleicoes","status":"publish","type":"post","link":"https:\/\/senoticias.com.br\/se\/iran-critica-afastamento-do-prefeito-nos-45-dias-que-antecedem-as-eleicoes\/","title":{"rendered":"Iran critica afastamento do prefeito nos 45 dias que antecedem \u00e0s elei\u00e7\u00f5es"},"content":{"rendered":"<div id=\"attachment_69054\" style=\"width: 310px\" class=\"wp-caption alignright\"><a href=\"http:\/\/senoticias.com.br\/se\/wp-content\/uploads\/2014\/08\/Iran.jpg\"><img loading=\"lazy\" decoding=\"async\" aria-describedby=\"caption-attachment-69054\" class=\"size-medium wp-image-69054\" alt=\"Vereador Iran tamb\u00e9m se solidarizou com trabalhadores terceirizados e ex-funcion\u00e1rios da VCA. (Foto: Acr\u00edsia Siqueira)\" src=\"http:\/\/senoticias.com.br\/se\/wp-content\/uploads\/2014\/08\/Iran-300x205.jpg\" width=\"300\" height=\"205\" \/><\/a><p id=\"caption-attachment-69054\" class=\"wp-caption-text\">Vereador Iran tamb\u00e9m se solidarizou com trabalhadores terceirizados e ex-funcion\u00e1rios da VCA. (Foto: Acr\u00edsia Siqueira)<\/p><\/div>\n<p style=\"text-align: justify;\">Em vota\u00e7\u00e3o, na manh\u00e3 desta ter\u00e7a-feira, 26\/8, a C\u00e2mara Municipal de Aracaju aprovou o Decreto Legislativo 42\/2014, que autoriza licen\u00e7a sem remunera\u00e7\u00e3o de 45 dias para o prefeito Jo\u00e3o Alves Filho (DEM) tratar de \u2018assuntos particulares\u2019.<\/p>\n<p style=\"text-align: justify;\">O vereador Iran Barbosa, do PT, criticou a licen\u00e7a e chamou a aten\u00e7\u00e3o para o fato de que a concess\u00e3o coincide, justamente, com o per\u00edodo eleitoral.<\/p>\n<p style=\"text-align: justify;\">\u201cAracaju ficar\u00e1 sem o seu prefeito, que foi eleito para gerir a cidade, por 45 dias que coincidem, vejam s\u00f3, com os dias que antecedem ao processo eletivo de 5 de outubro. \u00c9 bom que a popula\u00e7\u00e3o acompanhe e avalie sobre como s\u00e3o colocadas as prioridades por essa Administra\u00e7\u00e3o e pelo prefeito da cidade\u201d, relatou.<\/p>\n<p style=\"text-align: justify;\">O petista lembrou que, mesmo que o prefeito fosse candidato, a legisla\u00e7\u00e3o n\u00e3o exigiria o seu afastamento, em caso de concorrer \u00e0 reelei\u00e7\u00e3o. \u201cMas ele est\u00e1 se afastando para interesses particulares, concidentemente, no per\u00edodo que antecedem \u00e0s elei\u00e7\u00f5es. Isso precisa ficar evidente para os aracajuanos, especialmente diante dos graves problemas que vive nosso povo\u201d, reiterou.<\/p>\n<p style=\"text-align: justify;\"><strong>Solidariedade<\/strong><\/p>\n<p style=\"text-align: justify;\">Iran aproveitou o espa\u00e7o, na tribuna, para se solidarizar com os trabalhadores da Multiserv que prestam servi\u00e7os terceirizados de higieniza\u00e7\u00e3o na Funda\u00e7\u00e3o Hospitalar de Sa\u00fade e que, diante do atraso nos seus sal\u00e1rios e no fornecimento do t\u00edquete-alimenta\u00e7\u00e3o, pararam as atividades em nove unidades da FHS, dentre elas, o Hospital de Urg\u00eancias de Sergipe, o maior do Estado.<\/p>\n<p style=\"text-align: justify;\">\u201cAinda que esta not\u00edcia atinja em cheio a realidade das unidades da Funda\u00e7\u00e3o Hospitalar de Sa\u00fade, que \u00e9 estadual, ela prenuncia para todos n\u00f3s, aracajuanos, o resultado do que \u00e9 entregar, para o setor privado, a gest\u00e3o da coisa p\u00fablica. Observem que o discurso largamente utilizado pelos atuais administradores e por sua bancada de vereadores aqui na C\u00e2mara, tentando convencer a todos de que privatizar e terceirizar o Servi\u00e7o P\u00fablico \u00e9 a solu\u00e7\u00e3o para os problemas do setor, n\u00e3o se confirma na pr\u00e1tica, nem aqui nem em outros lugares. Esse fato tem que servir de advert\u00eancia\u201d, disse o parlamentar. \u201cSou daqueles que defende que as funda\u00e7\u00f5es n\u00e3o s\u00e3o alternativas para resolver os problemas na sa\u00fade e a hist\u00f3ria tem provado isso\u201d, completou.<\/p>\n<p style=\"text-align: justify;\">O vereador petista tamb\u00e9m se solidarizou com os ex-funcion\u00e1rios da empresa de \u00f4nibus VCA, que ainda v\u00eam lutando para receber os seus direitos trabalhistas por parte da empresa. \u201cS\u00e3o trabalhadores que est\u00e3o vivendo uma situa\u00e7\u00e3o de pen\u00faria, e precisamos denunciar isso. Quero manifestar a minha solidariedade a todos eles\u201d, colocou.<\/p>\n<p><strong>Siga o SE Not\u00edcias pelo <a href=\" https:\/\/twitter.com\/Senoticias\" target=\"_blank\">Twitter<\/a> e curta no <a href=\" https:\/\/www.facebook.com\/PortalSENoticias\" target=\"_blank\">Facebook<\/a><\/strong><\/p>\n<p style=\"text-align: justify;\"><strong><em>Da Assessoria de Imprensa<\/em><\/strong><\/p>\n","protected":false},"excerpt":{"rendered":"<p>Em vota\u00e7\u00e3o, na manh\u00e3 desta ter\u00e7a-feira, 26\/8, a C\u00e2mara Municipal de Aracaju aprovou o Decreto Legislativo 42\/2014, que autoriza licen\u00e7a sem remunera\u00e7\u00e3o de 45 dias para o prefeito Jo\u00e3o Alves Filho (DEM) tratar de \u2018assuntos particulares\u2019. O vereador Iran Barbosa, do PT, criticou a licen\u00e7a e chamou a aten\u00e7\u00e3o para o fato de que a [&hellip;]<\/p>\n","protected":false},"author":1,"featured_media":69054,"comment_status":"closed","ping_status":"closed","sticky":false,"template":"","format":"standard","meta":{"footnotes":""},"categories":[6],"tags":[],"class_list":{"0":"post-69048","1":"post","2":"type-post","3":"status-publish","4":"format-standard","5":"has-post-thumbnail","7":"category-politica"},"_links":{"self":[{"href":"https:\/\/senoticias.com.br\/se\/wp-json\/wp\/v2\/posts\/69048"}],"collection":[{"href":"https:\/\/senoticias.com.br\/se\/wp-json\/wp\/v2\/posts"}],"about":[{"href":"https:\/\/senoticias.com.br\/se\/wp-json\/wp\/v2\/types\/post"}],"author":[{"embeddable":true,"href":"https:\/\/senoticias.com.br\/se\/wp-json\/wp\/v2\/users\/1"}],"replies":[{"embeddable":true,"href":"https:\/\/senoticias.com.br\/se\/wp-json\/wp\/v2\/comments?post=69048"}],"version-history":[{"count":0,"href":"https:\/\/senoticias.com.br\/se\/wp-json\/wp\/v2\/posts\/69048\/revisions"}],"wp:featuredmedia":[{"embeddable":true,"href":"https:\/\/senoticias.com.br\/se\/wp-json\/wp\/v2\/media\/69054"}],"wp:attachment":[{"href":"https:\/\/senoticias.com.br\/se\/wp-json\/wp\/v2\/media?parent=69048"}],"wp:term":[{"taxonomy":"category","embeddable":true,"href":"https:\/\/senoticias.com.br\/se\/wp-json\/wp\/v2\/categories?post=69048"},{"taxonomy":"post_tag","embeddable":true,"href":"https:\/\/senoticias.com.br\/se\/wp-json\/wp\/v2\/tags?post=69048"}],"curies":[{"name":"wp","href":"https:\/\/api.w.org\/{rel}","templated":true}]}}