{"id":69046,"date":"2014-08-26T14:25:40","date_gmt":"2014-08-26T17:25:40","guid":{"rendered":"http:\/\/senoticias.com.br\/se\/?p=69046"},"modified":"2014-08-26T14:25:40","modified_gmt":"2014-08-26T17:25:40","slug":"cai-ritmo-de-aumento-do-custo-da-construcao-no-pais","status":"publish","type":"post","link":"https:\/\/senoticias.com.br\/se\/cai-ritmo-de-aumento-do-custo-da-construcao-no-pais\/","title":{"rendered":"Cai ritmo de aumento do custo da constru\u00e7\u00e3o no pa\u00eds"},"content":{"rendered":"<div id=\"attachment_69049\" style=\"width: 310px\" class=\"wp-caption alignright\"><a href=\"http:\/\/senoticias.com.br\/se\/wp-content\/uploads\/2014\/08\/12632014102938.jpg\"><img loading=\"lazy\" decoding=\"async\" aria-describedby=\"caption-attachment-69049\" class=\"size-medium wp-image-69049\" alt=\"Foto: Reprodu\u00e7\u00e3o \" src=\"http:\/\/senoticias.com.br\/se\/wp-content\/uploads\/2014\/08\/12632014102938-300x225.jpg\" width=\"300\" height=\"225\" srcset=\"https:\/\/senoticias.com.br\/se\/wp-content\/uploads\/2014\/08\/12632014102938-300x225.jpg 300w, https:\/\/senoticias.com.br\/se\/wp-content\/uploads\/2014\/08\/12632014102938-342x256.jpg 342w, https:\/\/senoticias.com.br\/se\/wp-content\/uploads\/2014\/08\/12632014102938-60x45.jpg 60w, https:\/\/senoticias.com.br\/se\/wp-content\/uploads\/2014\/08\/12632014102938-150x113.jpg 150w, https:\/\/senoticias.com.br\/se\/wp-content\/uploads\/2014\/08\/12632014102938-269x201.jpg 269w, https:\/\/senoticias.com.br\/se\/wp-content\/uploads\/2014\/08\/12632014102938.jpg 640w\" sizes=\"(max-width: 300px) 100vw, 300px\" \/><\/a><p id=\"caption-attachment-69049\" class=\"wp-caption-text\">Foto: Reprodu\u00e7\u00e3o<\/p><\/div>\n<p style=\"text-align: justify;\">O \u00cdndice Nacional de Custo da Constru\u00e7\u00e3o do Mercado (INCC-M) teve alta de 0,19% no per\u00edodo de 21 de julho a 20 de agosto, o que representa expressivo decr\u00e9scimo em compara\u00e7\u00e3o a julho, quando a taxa havia atingido varia\u00e7\u00e3o de 0,80%. No acumulado desde janeiro, o \u00edndice ficou em 5,76% e nos \u00faltimos 12 meses, em 7,09%. Os dados foram divulgados nesta ter\u00e7a-feira (26) pelo Instituto Brasileiro de Economia da Funda\u00e7\u00e3o Getulio Vargas (Ibre-FGV).<\/p>\n<p style=\"text-align: justify;\">Diminuiu o ritmo de corre\u00e7\u00f5es tanto em rela\u00e7\u00e3o aos pre\u00e7os dos materiais, equipamentos e servi\u00e7os (de 0,45% para 0,15%) quanto ao valor pago pela m\u00e3o de obra (de 1,11% para 0,23%). No acumulado dos \u00faltimos 12 meses, os materiais, equipamentos e servi\u00e7os tiveram alta de 6,16% e a m\u00e3o de obra, de 7,93%.<\/p>\n<p style=\"text-align: justify;\">Em cinco das sete capitais onde \u00e9 feita a pesquisa foram verificadas quedas no ritmo de aumento do INCC-M: Bras\u00edlia (de 3,26% para 0,37%); Belo Horizonte (de 0,12% para 0,10%) ; Rio de Janeiro (de 0,10% para 0,08%); Porto Alegre (de 2,9% para 0,95%) e S\u00e3o Paulo (de 0,24% para 0,01%). Em Salvador, a taxa aumentou de 0,09% para 0,17% e no Recife, de 0,10% para 0,15%.<\/p>\n<p style=\"text-align: justify;\"><em>Fonte: Ag\u00eancia Brasil<\/em><\/p>\n<p style=\"text-align: justify;\"><strong>Siga o SE Not\u00edcias pelo <a href=\"https:\/\/twitter.com\/Senoticias\" target=\"_blank\">Twitter<\/a> e curta no <a href=\"https:\/\/www.facebook.com\/PortalSENoticias\" target=\"_blank\">Facebook<\/a><\/strong><\/p>\n","protected":false},"excerpt":{"rendered":"<p>O \u00cdndice Nacional de Custo da Constru\u00e7\u00e3o do Mercado (INCC-M) teve alta de 0,19% no per\u00edodo de 21 de julho a 20 de agosto, o que representa expressivo decr\u00e9scimo em compara\u00e7\u00e3o a julho, quando a taxa havia atingido varia\u00e7\u00e3o de 0,80%. No acumulado desde janeiro, o \u00edndice ficou em 5,76% e nos \u00faltimos 12 meses, [&hellip;]<\/p>\n","protected":false},"author":1,"featured_media":69049,"comment_status":"closed","ping_status":"closed","sticky":false,"template":"","format":"standard","meta":{"footnotes":""},"categories":[1],"tags":[],"class_list":{"0":"post-69046","1":"post","2":"type-post","3":"status-publish","4":"format-standard","5":"has-post-thumbnail","7":"category-sem-categoria"},"_links":{"self":[{"href":"https:\/\/senoticias.com.br\/se\/wp-json\/wp\/v2\/posts\/69046"}],"collection":[{"href":"https:\/\/senoticias.com.br\/se\/wp-json\/wp\/v2\/posts"}],"about":[{"href":"https:\/\/senoticias.com.br\/se\/wp-json\/wp\/v2\/types\/post"}],"author":[{"embeddable":true,"href":"https:\/\/senoticias.com.br\/se\/wp-json\/wp\/v2\/users\/1"}],"replies":[{"embeddable":true,"href":"https:\/\/senoticias.com.br\/se\/wp-json\/wp\/v2\/comments?post=69046"}],"version-history":[{"count":0,"href":"https:\/\/senoticias.com.br\/se\/wp-json\/wp\/v2\/posts\/69046\/revisions"}],"wp:featuredmedia":[{"embeddable":true,"href":"https:\/\/senoticias.com.br\/se\/wp-json\/wp\/v2\/media\/69049"}],"wp:attachment":[{"href":"https:\/\/senoticias.com.br\/se\/wp-json\/wp\/v2\/media?parent=69046"}],"wp:term":[{"taxonomy":"category","embeddable":true,"href":"https:\/\/senoticias.com.br\/se\/wp-json\/wp\/v2\/categories?post=69046"},{"taxonomy":"post_tag","embeddable":true,"href":"https:\/\/senoticias.com.br\/se\/wp-json\/wp\/v2\/tags?post=69046"}],"curies":[{"name":"wp","href":"https:\/\/api.w.org\/{rel}","templated":true}]}}