{"id":69043,"date":"2014-08-26T14:08:40","date_gmt":"2014-08-26T17:08:40","guid":{"rendered":"http:\/\/senoticias.com.br\/se\/?p=69043"},"modified":"2014-08-26T14:08:40","modified_gmt":"2014-08-26T17:08:40","slug":"cerca-de-27-onibus-sao-assaltados-todos-os-dias-na-grande-aracaju","status":"publish","type":"post","link":"https:\/\/senoticias.com.br\/se\/cerca-de-27-onibus-sao-assaltados-todos-os-dias-na-grande-aracaju\/","title":{"rendered":"Cerca de 2,7 \u00f4nibus s\u00e3o assaltados todos os dias na grande Aracaju"},"content":{"rendered":"<p style=\"text-align: justify;\">Cerca de 650 assaltos a \u00f4nibus coletivos foram registrados desde janeiro deste ano at\u00e9 o corrente m\u00eas. Desde o in\u00edcio de agosto at\u00e9 esta segunda-feira (25), quase 60 assaltos a \u00f4nibus aconteceram na capital sergipana.<\/p>\n<p style=\"text-align: justify;\">Fevereiro registrou o maior \u00edndice de ocorr\u00eancias em 2014. Foram quase 100 assaltos a \u00f4nibus coletivos. Uma m\u00e9dia de 2,7 assaltos por dia acontece em Aracaju e munic\u00edpios adjacentes.<\/p>\n<p style=\"text-align: justify;\">A maior porcentagem do n\u00famero de assaltos est\u00e1 concentrada em \u00f4nibus que fazem as linhas da grande Aracaju. Coletivos que transitam em regi\u00f5es do munic\u00edpio de Nossa Senhora do Socorro como Conjunto Jardim e Piabeta registram maior \u00edndice de criminalidade.<\/p>\n<p style=\"text-align: justify;\">Outro dado assustador, \u00e9 que at\u00e9 o final de julho, cerca de 270 funcion\u00e1rios que atuam em transportes coletivos, est\u00e3o afastados do trabalho por sequelas de assaltos e doen\u00e7as ocupacionais.<\/p>\n<p style=\"text-align: justify;\">At\u00e9 agora, o n\u00famero de ocorr\u00eancias do m\u00eas de agosto tem apresentando o menor \u00edndice desde janeiro. Para coibir a viol\u00eancia, a Pol\u00edcia Militar tem intensificado as abordagens aos \u00f4nibus coletivos.<\/p>\n<p style=\"text-align: justify;\">No entanto, o presidente do Sindicato dos Trabalhadores em Transportes Rodovi\u00e1rios de Aracaju (Sintra), Miguel Belarmino, diz que as medidas de seguran\u00e7a das empresas de \u00f4nibus s\u00e3o insuficientes para reduzir o n\u00famero de assaltos.<\/p>\n<p style=\"text-align: justify;\">\u201cAs c\u00e2meras instaladas nos \u00f4nibus registram, mas as empresas de \u00f4nibus n\u00e3o liberam para que as imagens sejam investigadas. A Secretaria de Seguran\u00e7a P\u00fablica tem dificuldades para coletar essas grava\u00e7\u00f5es e isso atrapalha o trabalho de identifica\u00e7\u00e3o dos criminosos\u201d, afirma.<\/p>\n<p style=\"text-align: justify;\">Confira o gr\u00e1fico de assaltos a \u00f4nibus de janeiro de 2014 at\u00e9 o \u00faltimo final de semana:<em><\/em><\/p>\n<p style=\"text-align: justify;\"><em>Com informa\u00e7\u00f5es do A8SE<\/em><br \/>\n<strong>Siga o SE Not\u00edcias pelo <a href=\"https:\/\/twitter.com\/Senoticias\" target=\"_blank\">Twitter <\/a>e curta pelo <a href=\"https:\/\/www.facebook.com\/PortalSENoticias\" target=\"_blank\">Facebook\u00a0<\/a><\/strong><\/p>\n<div id=\"attachment_69044\" style=\"width: 559px\" class=\"wp-caption aligncenter\"><a href=\"http:\/\/senoticias.com.br\/se\/wp-content\/uploads\/2014\/08\/conteudo_2_42874_20140826120029_53fca10da0bf3.png\"><img loading=\"lazy\" decoding=\"async\" aria-describedby=\"caption-attachment-69044\" class=\" wp-image-69044 \" alt=\"Reprodu\u00e7\u00e3o TV Atalaia\" src=\"http:\/\/senoticias.com.br\/se\/wp-content\/uploads\/2014\/08\/conteudo_2_42874_20140826120029_53fca10da0bf3.png\" width=\"549\" height=\"330\" srcset=\"https:\/\/senoticias.com.br\/se\/wp-content\/uploads\/2014\/08\/conteudo_2_42874_20140826120029_53fca10da0bf3.png 610w, https:\/\/senoticias.com.br\/se\/wp-content\/uploads\/2014\/08\/conteudo_2_42874_20140826120029_53fca10da0bf3-300x180.png 300w, https:\/\/senoticias.com.br\/se\/wp-content\/uploads\/2014\/08\/conteudo_2_42874_20140826120029_53fca10da0bf3-342x205.png 342w\" sizes=\"(max-width: 549px) 100vw, 549px\" \/><\/a><p id=\"caption-attachment-69044\" class=\"wp-caption-text\">Reprodu\u00e7\u00e3o TV Atalaia<\/p><\/div>\n","protected":false},"excerpt":{"rendered":"<p>Cerca de 650 assaltos a \u00f4nibus coletivos foram registrados desde janeiro deste ano at\u00e9 o corrente m\u00eas. Desde o in\u00edcio de agosto at\u00e9 esta segunda-feira (25), quase 60 assaltos a \u00f4nibus aconteceram na capital sergipana. Fevereiro registrou o maior \u00edndice de ocorr\u00eancias em 2014. Foram quase 100 assaltos a \u00f4nibus coletivos. Uma m\u00e9dia de 2,7 [&hellip;]<\/p>\n","protected":false},"author":1,"featured_media":69044,"comment_status":"closed","ping_status":"closed","sticky":false,"template":"","format":"standard","meta":{"footnotes":""},"categories":[38],"tags":[],"class_list":{"0":"post-69043","1":"post","2":"type-post","3":"status-publish","4":"format-standard","5":"has-post-thumbnail","7":"category-municipios"},"_links":{"self":[{"href":"https:\/\/senoticias.com.br\/se\/wp-json\/wp\/v2\/posts\/69043"}],"collection":[{"href":"https:\/\/senoticias.com.br\/se\/wp-json\/wp\/v2\/posts"}],"about":[{"href":"https:\/\/senoticias.com.br\/se\/wp-json\/wp\/v2\/types\/post"}],"author":[{"embeddable":true,"href":"https:\/\/senoticias.com.br\/se\/wp-json\/wp\/v2\/users\/1"}],"replies":[{"embeddable":true,"href":"https:\/\/senoticias.com.br\/se\/wp-json\/wp\/v2\/comments?post=69043"}],"version-history":[{"count":0,"href":"https:\/\/senoticias.com.br\/se\/wp-json\/wp\/v2\/posts\/69043\/revisions"}],"wp:featuredmedia":[{"embeddable":true,"href":"https:\/\/senoticias.com.br\/se\/wp-json\/wp\/v2\/media\/69044"}],"wp:attachment":[{"href":"https:\/\/senoticias.com.br\/se\/wp-json\/wp\/v2\/media?parent=69043"}],"wp:term":[{"taxonomy":"category","embeddable":true,"href":"https:\/\/senoticias.com.br\/se\/wp-json\/wp\/v2\/categories?post=69043"},{"taxonomy":"post_tag","embeddable":true,"href":"https:\/\/senoticias.com.br\/se\/wp-json\/wp\/v2\/tags?post=69043"}],"curies":[{"name":"wp","href":"https:\/\/api.w.org\/{rel}","templated":true}]}}