{"id":69041,"date":"2014-08-26T13:56:25","date_gmt":"2014-08-26T16:56:25","guid":{"rendered":"http:\/\/senoticias.com.br\/se\/?p=69041"},"modified":"2014-08-26T13:56:25","modified_gmt":"2014-08-26T16:56:25","slug":"acusado-de-assassinato-em-aracaju-e-absolvido-por-falta-de-provas","status":"publish","type":"post","link":"https:\/\/senoticias.com.br\/se\/acusado-de-assassinato-em-aracaju-e-absolvido-por-falta-de-provas\/","title":{"rendered":"Acusado de assassinato em Aracaju \u00e9 absolvido por falta de provas"},"content":{"rendered":"<div id=\"attachment_69042\" style=\"width: 568px\" class=\"wp-caption aligncenter\"><a href=\"http:\/\/senoticias.com.br\/se\/wp-content\/uploads\/2014\/08\/julgamento.jpg\"><img loading=\"lazy\" decoding=\"async\" aria-describedby=\"caption-attachment-69042\" class=\" wp-image-69042  \" alt=\"Julgamento foi realizado na manh\u00e3 desta ter\u00e7a-feira em Aracaju (Foto: Daniel Soares\/G1)\" src=\"http:\/\/senoticias.com.br\/se\/wp-content\/uploads\/2014\/08\/julgamento.jpg\" width=\"558\" height=\"419\" srcset=\"https:\/\/senoticias.com.br\/se\/wp-content\/uploads\/2014\/08\/julgamento.jpg 620w, https:\/\/senoticias.com.br\/se\/wp-content\/uploads\/2014\/08\/julgamento-300x225.jpg 300w, https:\/\/senoticias.com.br\/se\/wp-content\/uploads\/2014\/08\/julgamento-342x256.jpg 342w, https:\/\/senoticias.com.br\/se\/wp-content\/uploads\/2014\/08\/julgamento-60x45.jpg 60w, https:\/\/senoticias.com.br\/se\/wp-content\/uploads\/2014\/08\/julgamento-150x113.jpg 150w, https:\/\/senoticias.com.br\/se\/wp-content\/uploads\/2014\/08\/julgamento-269x201.jpg 269w\" sizes=\"(max-width: 558px) 100vw, 558px\" \/><\/a><p id=\"caption-attachment-69042\" class=\"wp-caption-text\">Julgamento foi realizado na manh\u00e3 desta ter\u00e7a-feira em Aracaju (Foto: Daniel Soares\/G1)<\/p><\/div>\n<p style=\"text-align: justify;\">O 2\u00ba Tribunal do J\u00fari da 8\u00aa Vara Criminal de Sergipe absolveu na manh\u00e3 desta ter\u00e7a-feira (26) o r\u00e9u Alexandre de Jesus Santos, de 25 anos. Ele era acusado da morte de Jos\u00e9 Renato Teixeira no Bairro Santa Maria, em Aracaju.<\/p>\n<p style=\"text-align: justify;\">O crime aconteceu no dia 4 de junho do ano passado, quando Renato, que tinha 44 anos estava a caminho do trabalho e foi atacado por alguns homens aramados. Investiga\u00e7\u00f5es do Departamento de Homic\u00eddios e Prote\u00e7\u00e3o \u00e0 Pessoa da Policia (DHPP) haviam apontado a participa\u00e7\u00e3o de Alexandre no crime.<\/p>\n<p style=\"text-align: justify;\">O Minist\u00e9rio P\u00fablico o denunciou pelos crimes de homic\u00eddio qualificado, tentativa de homic\u00eddio e corrup\u00e7\u00e3o de menores. A ju\u00edza Soraia Gon\u00e7alves de Melo ficou imbu\u00edda de conduzir o julgamento.<\/p>\n<p style=\"text-align: justify;\">Segundo o defensor p\u00fablico Vinicius Menezes, respons\u00e1vel pela defesa de Alexandre, faltavam provas suficientes para condenar o r\u00e9u. \u201cA linha de defesa foi apenas sustentar de fato que a prova produzida dizia justamente que o r\u00e9u n\u00e3o estava no local do fato no momento de crime, ou seja, n\u00e3o poderia ter sido ele\u201d, comentou.<\/p>\n<p style=\"text-align: justify;\">A falta de provas realmente foi decisiva na absolvi\u00e7\u00e3o feita pelo j\u00fari que avaliou o caso. O promotor Flaviano Almeida, respons\u00e1vel pela acusa\u00e7\u00e3o, reconheceu que faltavam evidencias suficientes para a condena\u00e7\u00e3o. \u201cIsso n\u00e3o quer dizer que ele seja inocente. N\u00e3o prova nem que foi nem que n\u00e3o foi. H\u00e1 suspeitas do envolvimento dele. Por\u00e9m, a gente n\u00e3o conseguiu ultrapassar dessas suspeitas. Para condenar, precisamos ultrapassar as suspeitas\u201d, disse o promotor.<\/p>\n<p style=\"text-align: justify;\">Alexandre j\u00e1 cumpriu pena por roubo anteriormente. Apesar de ser absolvido nesta ter\u00e7a, ele continua detido uma vez que ainda responde por outro homic\u00eddio na 5\u00aa Vara Criminal.<\/p>\n<p style=\"text-align: justify;\">A fam\u00edlia do acusado acompanhou de perto o julgamento e ficou bastante satisfeita com a absolvi\u00e7\u00e3o. Wagna de Jesus Vieira, tia de Alexandre, disse que espera novas vit\u00f3rias nos pr\u00f3ximos julgamentos. \u201cEle \u00e9 inocente. Sabemos que n\u00e3o foi ele quem cometeu esses crimes. Estamos muito contentes com o resultado de hoje e vamos esperar que ele tamb\u00e9m seja inocentado nos demais\u201d, disse Wagna.<\/p>\n<p style=\"text-align: justify;\"><em>Com informa\u00e7\u00f5es do G1SE<\/em><\/p>\n<p style=\"text-align: justify;\"><strong>Siga o SE Not\u00edcias pelo <a href=\"https:\/\/twitter.com\/Senoticias\" target=\"_blank\">Twitter<\/a> e curta pelo <a href=\"https:\/\/www.facebook.com\/PortalSENoticias\" target=\"_blank\">Facebook\u00a0<\/a><\/strong><\/p>\n","protected":false},"excerpt":{"rendered":"<p>O 2\u00ba Tribunal do J\u00fari da 8\u00aa Vara Criminal de Sergipe absolveu na manh\u00e3 desta ter\u00e7a-feira (26) o r\u00e9u Alexandre de Jesus Santos, de 25 anos. Ele era acusado da morte de Jos\u00e9 Renato Teixeira no Bairro Santa Maria, em Aracaju. O crime aconteceu no dia 4 de junho do ano passado, quando Renato, que [&hellip;]<\/p>\n","protected":false},"author":1,"featured_media":69042,"comment_status":"closed","ping_status":"closed","sticky":false,"template":"","format":"standard","meta":{"footnotes":""},"categories":[38],"tags":[],"class_list":{"0":"post-69041","1":"post","2":"type-post","3":"status-publish","4":"format-standard","5":"has-post-thumbnail","7":"category-municipios"},"_links":{"self":[{"href":"https:\/\/senoticias.com.br\/se\/wp-json\/wp\/v2\/posts\/69041"}],"collection":[{"href":"https:\/\/senoticias.com.br\/se\/wp-json\/wp\/v2\/posts"}],"about":[{"href":"https:\/\/senoticias.com.br\/se\/wp-json\/wp\/v2\/types\/post"}],"author":[{"embeddable":true,"href":"https:\/\/senoticias.com.br\/se\/wp-json\/wp\/v2\/users\/1"}],"replies":[{"embeddable":true,"href":"https:\/\/senoticias.com.br\/se\/wp-json\/wp\/v2\/comments?post=69041"}],"version-history":[{"count":0,"href":"https:\/\/senoticias.com.br\/se\/wp-json\/wp\/v2\/posts\/69041\/revisions"}],"wp:featuredmedia":[{"embeddable":true,"href":"https:\/\/senoticias.com.br\/se\/wp-json\/wp\/v2\/media\/69042"}],"wp:attachment":[{"href":"https:\/\/senoticias.com.br\/se\/wp-json\/wp\/v2\/media?parent=69041"}],"wp:term":[{"taxonomy":"category","embeddable":true,"href":"https:\/\/senoticias.com.br\/se\/wp-json\/wp\/v2\/categories?post=69041"},{"taxonomy":"post_tag","embeddable":true,"href":"https:\/\/senoticias.com.br\/se\/wp-json\/wp\/v2\/tags?post=69041"}],"curies":[{"name":"wp","href":"https:\/\/api.w.org\/{rel}","templated":true}]}}