{"id":69036,"date":"2014-08-26T13:38:47","date_gmt":"2014-08-26T16:38:47","guid":{"rendered":"http:\/\/senoticias.com.br\/se\/?p=69036"},"modified":"2014-08-27T13:19:32","modified_gmt":"2014-08-27T16:19:32","slug":"policia-apreende-50-quilos-de-maconha-em-nossa-senhora-do-socorro","status":"publish","type":"post","link":"https:\/\/senoticias.com.br\/se\/policia-apreende-50-quilos-de-maconha-em-nossa-senhora-do-socorro\/","title":{"rendered":"Pol\u00edcia apreende 50 quilos de maconha em Nossa Senhora do Socorro"},"content":{"rendered":"<p style=\"text-align: justify;\">O Departamento de Narc\u00f3ticos (Denarc) da Pol\u00edcia Civil apreendeu no final da tarde desta segunda-feira, 25, mais de 50 quilos de maconha prensada na rua Manoel Messias, complexo Tai\u00e7oca de Dentro, em Nossa Senhora do Socorro. Segundo o delegado Andr\u00e9 Baronto, a apreens\u00e3o foi poss\u00edvel gra\u00e7as a uma den\u00fancia an\u00f4nima da popula\u00e7\u00e3o.<\/p>\n<div id=\"attachment_69098\" style=\"width: 560px\" class=\"wp-caption aligncenter\"><a href=\"http:\/\/senoticias.com.br\/se\/wp-content\/uploads\/2014\/08\/denarc1.jpg\"><img loading=\"lazy\" decoding=\"async\" aria-describedby=\"caption-attachment-69098\" class=\"size-full wp-image-69098\" alt=\" Pol\u00edcia apreendeu mais de 50 kg de maconha em Nossa Senhora do Socorro.(Foto: SSP\/SE)\" src=\"http:\/\/senoticias.com.br\/se\/wp-content\/uploads\/2014\/08\/denarc1.jpg\" width=\"550\" height=\"365\" srcset=\"https:\/\/senoticias.com.br\/se\/wp-content\/uploads\/2014\/08\/denarc1.jpg 550w, https:\/\/senoticias.com.br\/se\/wp-content\/uploads\/2014\/08\/denarc1-300x199.jpg 300w, https:\/\/senoticias.com.br\/se\/wp-content\/uploads\/2014\/08\/denarc1-342x226.jpg 342w\" sizes=\"(max-width: 550px) 100vw, 550px\" \/><\/a><p id=\"caption-attachment-69098\" class=\"wp-caption-text\"><br \/>Pol\u00edcia apreendeu mais de 50 kg de maconha em Nossa Senhora do Socorro.(Foto: SSP\/SE)<\/p><\/div>\n<p style=\"text-align: justify;\">Bartonto acrescenta que a droga pertence a um traficante que n\u00e3o foi encontrado na resid\u00eancia no momento da invas\u00e3o policial. \u201cMonitoramos \u00e0 casa do traficante durante alguns dias at\u00e9 constatar o recebimento de um carregamento. Quando invadimos o local n\u00e3o encontramos o traficante, somente a droga e uma balan\u00e7a de precis\u00e3o\u201d, explicou.<\/p>\n<p style=\"text-align: justify;\">A pol\u00edcia n\u00e3o revelou o nome do traficante, mas a pol\u00edcia j\u00e1 sabe que ele foi preso por tr\u00e1fico em 2006 e utilizava a Tai\u00e7oca de Dentro como ponto de distribui\u00e7\u00e3o de drogas para os munic\u00edpios da Grande Aracaju. De acordo com Baronto, est\u00e1 \u00e9 a segunda apreens\u00e3o realizada pelo Denarc em menos de 15 dias. \u201cNa semana apreendemos 42 quilos de maconha naquela regi\u00e3o e 50 ontem, totalizando 92 quilos de drogas retiradas das ruas\u201d.<\/p>\n<p style=\"text-align: justify;\">Informa\u00e7\u00f5es sobre o paradeiro do suspeito podem ser repassadas para o Disque Den\u00fancia 181. A liga\u00e7\u00e3o \u00e9 an\u00f4nima e gratuita.<\/p>\n<p><strong>Siga o SE Not\u00edcias pelo <a href=\"https:\/\/twitter.com\/Senoticias\" target=\"_blank\">Twitter <\/a>e curta no <a href=\" https:\/\/www.facebook.com\/PortalSENoticias\" target=\"_blank\">Facebook<\/a><\/strong><\/p>\n<p style=\"text-align: justify;\"><strong><em>Assessoria de Comunica\u00e7\u00e3o <\/em><\/strong><br \/>\n<strong><em>Secretaria da Seguran\u00e7a P\u00fablica<\/em><\/strong><\/p>\n","protected":false},"excerpt":{"rendered":"<p>O Departamento de Narc\u00f3ticos (Denarc) da Pol\u00edcia Civil apreendeu no final da tarde desta segunda-feira, 25, mais de 50 quilos de maconha prensada na rua Manoel Messias, complexo Tai\u00e7oca de Dentro, em Nossa Senhora do Socorro. Segundo o delegado Andr\u00e9 Baronto, a apreens\u00e3o foi poss\u00edvel gra\u00e7as a uma den\u00fancia an\u00f4nima da popula\u00e7\u00e3o. Bartonto acrescenta que [&hellip;]<\/p>\n","protected":false},"author":1,"featured_media":69098,"comment_status":"closed","ping_status":"closed","sticky":false,"template":"","format":"standard","meta":{"footnotes":""},"categories":[310,7],"tags":[],"class_list":{"0":"post-69036","1":"post","2":"type-post","3":"status-publish","4":"format-standard","5":"has-post-thumbnail","7":"category-destaques-da-semana","8":"category-policia"},"_links":{"self":[{"href":"https:\/\/senoticias.com.br\/se\/wp-json\/wp\/v2\/posts\/69036"}],"collection":[{"href":"https:\/\/senoticias.com.br\/se\/wp-json\/wp\/v2\/posts"}],"about":[{"href":"https:\/\/senoticias.com.br\/se\/wp-json\/wp\/v2\/types\/post"}],"author":[{"embeddable":true,"href":"https:\/\/senoticias.com.br\/se\/wp-json\/wp\/v2\/users\/1"}],"replies":[{"embeddable":true,"href":"https:\/\/senoticias.com.br\/se\/wp-json\/wp\/v2\/comments?post=69036"}],"version-history":[{"count":0,"href":"https:\/\/senoticias.com.br\/se\/wp-json\/wp\/v2\/posts\/69036\/revisions"}],"wp:featuredmedia":[{"embeddable":true,"href":"https:\/\/senoticias.com.br\/se\/wp-json\/wp\/v2\/media\/69098"}],"wp:attachment":[{"href":"https:\/\/senoticias.com.br\/se\/wp-json\/wp\/v2\/media?parent=69036"}],"wp:term":[{"taxonomy":"category","embeddable":true,"href":"https:\/\/senoticias.com.br\/se\/wp-json\/wp\/v2\/categories?post=69036"},{"taxonomy":"post_tag","embeddable":true,"href":"https:\/\/senoticias.com.br\/se\/wp-json\/wp\/v2\/tags?post=69036"}],"curies":[{"name":"wp","href":"https:\/\/api.w.org\/{rel}","templated":true}]}}