{"id":68524,"date":"2014-08-14T18:26:36","date_gmt":"2014-08-14T21:26:36","guid":{"rendered":"http:\/\/senoticias.com.br\/se\/?p=68524"},"modified":"2014-08-14T18:28:08","modified_gmt":"2014-08-14T21:28:08","slug":"anatel-aprova-reajuste-de-15-nas-ligacoes-entre-fixo-e-movel","status":"publish","type":"post","link":"https:\/\/senoticias.com.br\/se\/anatel-aprova-reajuste-de-15-nas-ligacoes-entre-fixo-e-movel\/","title":{"rendered":"Anatel aprova reajuste de 1,5% nas liga\u00e7\u00f5es entre fixo e m\u00f3vel"},"content":{"rendered":"<div id=\"attachment_60154\" style=\"width: 310px\" class=\"wp-caption alignright\"><a href=\"http:\/\/senoticias.com.br\/se\/wp-content\/uploads\/2014\/02\/pessoa-liga-celular.jpg\"><img loading=\"lazy\" decoding=\"async\" aria-describedby=\"caption-attachment-60154\" class=\"size-medium wp-image-60154\" alt=\"(Foto: Ilustrativa) \" src=\"http:\/\/senoticias.com.br\/se\/wp-content\/uploads\/2014\/02\/pessoa-liga-celular-300x200.jpg\" width=\"300\" height=\"200\" srcset=\"https:\/\/senoticias.com.br\/se\/wp-content\/uploads\/2014\/02\/pessoa-liga-celular-300x200.jpg 300w, https:\/\/senoticias.com.br\/se\/wp-content\/uploads\/2014\/02\/pessoa-liga-celular-342x229.jpg 342w, https:\/\/senoticias.com.br\/se\/wp-content\/uploads\/2014\/02\/pessoa-liga-celular.jpg 542w\" sizes=\"(max-width: 300px) 100vw, 300px\" \/><\/a><p id=\"caption-attachment-60154\" class=\"wp-caption-text\">(Foto: Ilustrativa)<\/p><\/div>\n<p style=\"text-align: justify;\">A Ag\u00eancia Nacional de Telecomunica\u00e7\u00f5es (Anatel) aprovou nesta quinta-feira (14) um reajuste de 1,5% nas tarifas de telefonia para liga\u00e7\u00f5es entre telefones fixos e m\u00f3veis, tanto em chamadas locais como em longa dist\u00e2ncia. O reajuste vale para as concession\u00e1rias de telefonia fixa.<\/p>\n<p style=\"text-align: justify;\">Para liga\u00e7\u00f5es de telefones fixos para o Servi\u00e7o M\u00f3vel Especializado (comunica\u00e7\u00e3o por meio de r\u00e1dio), haver\u00e1 uma queda de 5,27% nas tarifas, porque foi aplicado um fator de redu\u00e7\u00e3o, que \u00e9 empregado periodicamente para essa modalidade. As novas tarifas valem a partir da publica\u00e7\u00e3o no Di\u00e1rio Oficial da Uni\u00e3o, o que deve ocorrer na pr\u00f3xima semana.<\/p>\n<p style=\"text-align: justify;\">Os reajustes levam em conta \u00edndices de infla\u00e7\u00e3o e o \u00cdndice de Servi\u00e7os de Telecomunica\u00e7\u00f5es (IST), sobre os quais s\u00e3o aplicados o fator de redu\u00e7\u00e3o que desconta os ganhos de produtividade das operadoras.<\/p>\n<p style=\"text-align: justify;\">No in\u00edcio do ano, a Anatel aprovou as novas tarifas de remunera\u00e7\u00e3o de redes m\u00f3veis, que reduziram em m\u00e9dia em 13% o pre\u00e7o das liga\u00e7\u00f5es de telefones fixos para celulares, sejam liga\u00e7\u00f5es locais ou de longa dist\u00e2ncia, originadas nas redes das concession\u00e1rias da telefonia fixa (Oi, Telef\u00f4nica, CTBC, Embratel e Sercomtel) destinadas \u00e0s operadoras m\u00f3veis.<\/p>\n<p style=\"text-align: justify;\"><em>Fonte: Ag\u00eancia Brasil\u00a0<\/em><\/p>\n<p style=\"text-align: justify;\"><strong>Siga o SE Not\u00edcias pelo <a href=\"http:\/\/twitter.com\/Senoticias\" target=\"_blank\">Twitter \u00a0<\/a>e curta pelo <a href=\"https:\/\/www.facebook.com\/PortalSENoticias\" target=\"_blank\">Facebook\u00a0<\/a><\/strong><\/p>\n","protected":false},"excerpt":{"rendered":"<p>A Ag\u00eancia Nacional de Telecomunica\u00e7\u00f5es (Anatel) aprovou nesta quinta-feira (14) um reajuste de 1,5% nas tarifas de telefonia para liga\u00e7\u00f5es entre telefones fixos e m\u00f3veis, tanto em chamadas locais como em longa dist\u00e2ncia. O reajuste vale para as concession\u00e1rias de telefonia fixa. Para liga\u00e7\u00f5es de telefones fixos para o Servi\u00e7o M\u00f3vel Especializado (comunica\u00e7\u00e3o por meio [&hellip;]<\/p>\n","protected":false},"author":1,"featured_media":60154,"comment_status":"closed","ping_status":"closed","sticky":false,"template":"","format":"standard","meta":{"footnotes":""},"categories":[45],"tags":[],"class_list":{"0":"post-68524","1":"post","2":"type-post","3":"status-publish","4":"format-standard","5":"has-post-thumbnail","7":"category-tecnologia"},"_links":{"self":[{"href":"https:\/\/senoticias.com.br\/se\/wp-json\/wp\/v2\/posts\/68524"}],"collection":[{"href":"https:\/\/senoticias.com.br\/se\/wp-json\/wp\/v2\/posts"}],"about":[{"href":"https:\/\/senoticias.com.br\/se\/wp-json\/wp\/v2\/types\/post"}],"author":[{"embeddable":true,"href":"https:\/\/senoticias.com.br\/se\/wp-json\/wp\/v2\/users\/1"}],"replies":[{"embeddable":true,"href":"https:\/\/senoticias.com.br\/se\/wp-json\/wp\/v2\/comments?post=68524"}],"version-history":[{"count":0,"href":"https:\/\/senoticias.com.br\/se\/wp-json\/wp\/v2\/posts\/68524\/revisions"}],"wp:featuredmedia":[{"embeddable":true,"href":"https:\/\/senoticias.com.br\/se\/wp-json\/wp\/v2\/media\/60154"}],"wp:attachment":[{"href":"https:\/\/senoticias.com.br\/se\/wp-json\/wp\/v2\/media?parent=68524"}],"wp:term":[{"taxonomy":"category","embeddable":true,"href":"https:\/\/senoticias.com.br\/se\/wp-json\/wp\/v2\/categories?post=68524"},{"taxonomy":"post_tag","embeddable":true,"href":"https:\/\/senoticias.com.br\/se\/wp-json\/wp\/v2\/tags?post=68524"}],"curies":[{"name":"wp","href":"https:\/\/api.w.org\/{rel}","templated":true}]}}