{"id":68272,"date":"2014-08-10T08:25:34","date_gmt":"2014-08-10T11:25:34","guid":{"rendered":"http:\/\/senoticias.com.br\/se\/?p=68272"},"modified":"2014-08-11T21:06:12","modified_gmt":"2014-08-12T00:06:12","slug":"setur-emsetur-e-a-rede-hoteleira-mostram-resultados-de-acoes-em-cafe-da-manha","status":"publish","type":"post","link":"https:\/\/senoticias.com.br\/se\/setur-emsetur-e-a-rede-hoteleira-mostram-resultados-de-acoes-em-cafe-da-manha\/","title":{"rendered":"Setur, Emsetur e a Rede Hoteleira mostram resultados de a\u00e7\u00f5es em caf\u00e9 da manh\u00e3"},"content":{"rendered":"<p style=\"text-align: justify;\">A Secretaria de Turismo do Estado (Setur) e a Empresa Sergipana do Turismo (Emsetur) em parceria com a Rede Hoteleira realizaram, na manh\u00e3 desta sexta-feira, 08,\u00a0 no\u00a0 Real Classic Hotel, mais uma edi\u00e7\u00e3o do Caf\u00e9 com o Trade. \u00a0Entre os assuntos discutidos, estavam apresenta\u00e7\u00e3o do novo\u00a0 \u00a0secret\u00e1rio do Turismo, Adilson Junior, as visitas \u00e0s operadoras (CVC, VISUAL\u00a0 e TAM Viagens), as capacita\u00e7\u00f5es realizadas pela \u00a0ABIH, o Workshop da Visual, o novo voo regional entre os munic\u00edpios de \u00a0Aracaju \u00a0a Canind\u00e9 (Xing\u00f3), o Festival do Caranguejo, o evento de capta\u00e7\u00e3o\u00a0das Confedera\u00e7\u00f5es Esportivas e as pr\u00f3ximas A\u00e7\u00f5es.<\/p>\n<p style=\"text-align: justify;\">Durante a sua apresenta\u00e7\u00e3o, o novo secret\u00e1rio de Estado, Adilson Junior, falou que sua gest\u00e3o ser\u00e1 uma gest\u00e3o compartilhada e de parcerias. \u201cO nosso primeiro foco ser\u00e1 o trabalho de escutar e de colher sugest\u00f5es com todas as categorias do turismo do estado. Saberemos, assim, o que est\u00e1 faltando e, principalmente, como podemos colaborar. Depois deste invent\u00e1rio pronto, iremos elaborar o planejamento do turismo para 2015,\u201d disse. As palavras do secret\u00e1rio foram refor\u00e7adas e elogiadas pelo\u00a0Secret\u00e1rio Municipal da Ind\u00fastria, Com\u00e9rcio e Turismo de Aracaju,\u00a0Walker Carvalho, que ainda pediu a participa\u00e7\u00e3o mais ativa do trade. \u201cO turismo n\u00e3o \u00e9 feito apenas para a secret\u00e1ria estadual ou municipal do Turismo. \u00c9 fundamental termos a participa\u00e7\u00e3o de todos que fazem o turismo do estado\u201d.<\/p>\n<p><strong>A\u00e7\u00f5es X Projetos<\/strong><\/p>\n<p><strong>\u00a0<\/strong><\/p>\n<p style=\"text-align: justify;\">A Emsetur, Setur e a Associa\u00e7\u00e3o Brasileira de Hot\u00e9is (Abih\/SE), v\u00eam trabalhando de forma integrada e articulada na implanta\u00e7\u00e3o de \u00a0promo\u00e7\u00e3o e divulga\u00e7\u00e3o de Sergipe como destino tur\u00edstico. As atividades executadas pelos tr\u00eas \u00f3rg\u00e3os est\u00e3o inseridas em dois grandes eixos estrat\u00e9gicos: capacita\u00e7\u00e3o e divulga\u00e7\u00e3o do destino. \u201cAbih, atrav\u00e9s dos empres\u00e1rios, est\u00e1 fazendo um investimento de 17 mil reais mensais para capacita\u00e7\u00e3o e divulga\u00e7\u00e3o do destino. Contamos tamb\u00e9m com as parcerias da, Secretaria Municipal da Ind\u00fastria, Com\u00e9rcio e Turismo de Aracaju\u00a0(Semict) e da\u00a0Nozes Tuor. Por conta disso, j\u00e1 conseguimos capacitar mais de 300 agentes de viagens em diversas cidades. Estamos dando prosseguimento\u00a0 a a\u00e7\u00f5es, durante o m\u00eas de agosto, na regi\u00e3o sudeste\u201d, conta Daniella Mesquita, presidente da ABIH\/SE.<\/p>\n<p>&nbsp;<\/p>\n<div id=\"attachment_68273\" style=\"width: 606px\" class=\"wp-caption aligncenter\"><a href=\"http:\/\/senoticias.com.br\/se\/wp-content\/uploads\/2014\/08\/Setur-Emsetur-e-a-Rede-Hoteleira-mostram-resultados-de-a\u00e7\u00f5es-em-caf\u00e9-da-manh\u00e3-2.jpg\"><img loading=\"lazy\" decoding=\"async\" aria-describedby=\"caption-attachment-68273\" class=\"size-full wp-image-68273\" alt=\"Emsetur e a Rede Hoteleira mostram resultados de a\u00e7\u00f5es em caf\u00e9 da manh\u00e3. (Foto:  Maxwell Corr\u00eaa)\" src=\"http:\/\/senoticias.com.br\/se\/wp-content\/uploads\/2014\/08\/Setur-Emsetur-e-a-Rede-Hoteleira-mostram-resultados-de-a\u00e7\u00f5es-em-caf\u00e9-da-manh\u00e3-2.jpg\" width=\"596\" height=\"397\" srcset=\"https:\/\/senoticias.com.br\/se\/wp-content\/uploads\/2014\/08\/Setur-Emsetur-e-a-Rede-Hoteleira-mostram-resultados-de-a\u00e7\u00f5es-em-caf\u00e9-da-manh\u00e3-2.jpg 596w, https:\/\/senoticias.com.br\/se\/wp-content\/uploads\/2014\/08\/Setur-Emsetur-e-a-Rede-Hoteleira-mostram-resultados-de-a\u00e7\u00f5es-em-caf\u00e9-da-manh\u00e3-2-300x199.jpg 300w, https:\/\/senoticias.com.br\/se\/wp-content\/uploads\/2014\/08\/Setur-Emsetur-e-a-Rede-Hoteleira-mostram-resultados-de-a\u00e7\u00f5es-em-caf\u00e9-da-manh\u00e3-2-342x227.jpg 342w\" sizes=\"(max-width: 596px) 100vw, 596px\" \/><\/a><p id=\"caption-attachment-68273\" class=\"wp-caption-text\">Emsetur e a Rede Hoteleira mostram resultados de a\u00e7\u00f5es em caf\u00e9 da manh\u00e3. (Foto: Maxwell Corr\u00eaa)<\/p><\/div>\n<p style=\"text-align: justify;\">O presidente da Emsetur, Jos\u00e9 Roberto de Lima Andrade, destacou os\u00a0resultados obtidos, durante a reuni\u00e3o, que aconteceu na semana passada em S\u00e3o Paulo, com as maiores operadoras do Pa\u00eds: CVC, Visual e a Tam Viagens. Dentre eles, a vinda em dezembro de dois voos charters\u00a0da operadora CVC.\u00a0\u201cOs diretores das operadoras foram muito receptivos com as nossas visitas e isso ficou evidente\u00a0com o an\u00fancio dos\u00a0executivos da CVC, do\u00a0fechamento de dois voos charters<b>\u00a0<\/b>para Sergipe,\u00a0no final do ano\u201d.<\/p>\n<p style=\"text-align: justify;\">Para este ano, est\u00e1 previsto ainda o Festival do Caranguejo e o Festival Gastron\u00f4mico. \u201c\u00a0O Festival do Caranguejo \u00e9 um projeto da\u00a0Secretaria Municipal da Ind\u00fastria, Com\u00e9rcio e Turismo de Aracaju\u00a0(Semitc) que tem o objetivo de tornar o crust\u00e1ceo o mais conhecido de Sergipe, mais acess\u00edvel. \u00a0\u201cO Festival ser\u00e1 de 27 de novembro a 8 de dezembro, na Passarela do Caranguejo, e teremos uma variedade de pratos feitos com a carne do nosso crust\u00e1ceo. Haver\u00e1 tamb\u00e9m, distribui\u00e7\u00e3o de brindes e apresenta\u00e7\u00e3o teatral, mostrando o extrativismo sustent\u00e1vel do caranguejo\u201d, explica F\u00e1bio Andrade, secret\u00e1rio adjunto da Semitc. Al\u00e9m deste festival, a Setur\/Emsetur est\u00e1 elaborando para o mesmo per\u00edodo, o Festival Gastron\u00f4mico. Este contar\u00e3o com pratos mais econ\u00f4micos \u00a0para todos: turistas e sergipanos. \u201cEste\u00a0Festival \u00e9 a forma\u00a0de promover e mostrar os sabores e temperos de nossa gastronomia\u201d, conta o presidente da Emsetur, Jos\u00e9 Roberto de Lima Andrade.<\/p>\n<p>&nbsp;<\/p>\n<p style=\"text-align: justify;\">Na sequ\u00eancia da reuni\u00e3o foi apresentado pela \u00a0empresa, \u00c1guas do Sert\u00e3o o projeto da nova rota da avia\u00e7\u00e3o sergipana. Ela ir\u00e1 realizar o translado \u00e1ereo de Aracaju\/SE ao Complexo Karranca\u2019s em Canind\u00e9 de S\u00e3o Francisco. \u201c\u00c9 com o avi\u00e3o Grand Caravan CCO8 &#8211; B\/EX, uma das aeronaves mais seguras do mundo, que iremos desenvolver esse a data prevista ser\u00e3o 10 de outubro, em dois hor\u00e1rios ainda a serem divulgados. O percurso ser\u00e1 de 40 minutos e transportar\u00e1 at\u00e9 nove pessoas. \u201cA nossa aeronave \u00e9 a mesma que faz o transporte de celebridades que v\u00e3o a Ilha de Caras e em breve estar\u00e1 dispon\u00edvel para turistas e sergipanos,\u201d conta o diretor operacional da empresa, Mauricio Botelho.<\/p>\n<p>\u00a0\u00a0\u00a0\u00a0\u00a0\u00a0\u00a0\u00a0\u00a0\u00a0\u00a0\u00a0\u00a0\u00a0\u00a0\u00a0\u00a0\u00a0\u00a0\u00a0\u00a0\u00a0\u00a0\u00a0\u00a0\u00a0\u00a0\u00a0\u00a0\u00a0<wbr \/><\/p>\n<p><strong>Presen\u00e7as<\/strong><\/p>\n<p>&nbsp;<\/p>\n<p style=\"text-align: justify;\">Estiveram presentes ao Caf\u00e9 com o Trad representantes da rede hoteleira e de restaurantes, o secret\u00e1rio da Setur, Adilson Junior, o presidente e o Diretor de Opera\u00e7\u00f5es da \u00a0\u00a0Emsetur, Jos\u00e9 Roberto de Lima Andrade e Luciano Leal, o secret\u00e1rio e o adjunto daSecretaria Municipal da Ind\u00fastria, Com\u00e9rcio e Turismo de Aracaju\u00a0(Semict), Walker Carvalho e Fabio Andrade,\u00a0a presidente da ABIH, Daniella Mesquita, o diretor de Rela\u00e7\u00f5es Governamentais da Associa\u00e7\u00e3o Brasileira de Ag\u00eancias de Viagens (ABAV), Jo\u00e3o de Souza \u00c1vila e o presidente da Associa\u00e7\u00e3o Comercial de Sergipe (Acese), Alexandre Porto.<\/p>\n<p>&nbsp;<\/p>\n<p><strong>Siga o SE Not\u00edcias pelo <a href=\" https:\/\/twitter.com\/Senoticias\" target=\"_blank\">Twitter<\/a> e curta no <a href=\" https:\/\/www.facebook.com\/PortalSENoticias\" target=\"_blank\">Facebook<\/a><\/strong><\/p>\n<p><em>Da Assessoria de Imprensa\/Setur<\/em><\/p>\n<p style=\"text-align: justify;\">\n","protected":false},"excerpt":{"rendered":"<p>A Secretaria de Turismo do Estado (Setur) e a Empresa Sergipana do Turismo (Emsetur) em parceria com a Rede Hoteleira realizaram, na manh\u00e3 desta sexta-feira, 08,\u00a0 no\u00a0 Real Classic Hotel, mais uma edi\u00e7\u00e3o do Caf\u00e9 com o Trade. \u00a0Entre os assuntos discutidos, estavam apresenta\u00e7\u00e3o do novo\u00a0 \u00a0secret\u00e1rio do Turismo, Adilson Junior, as visitas \u00e0s operadoras [&hellip;]<\/p>\n","protected":false},"author":1,"featured_media":68273,"comment_status":"closed","ping_status":"closed","sticky":false,"template":"","format":"standard","meta":{"footnotes":""},"categories":[6,42],"tags":[],"class_list":{"0":"post-68272","1":"post","2":"type-post","3":"status-publish","4":"format-standard","5":"has-post-thumbnail","7":"category-politica","8":"category-turismo"},"_links":{"self":[{"href":"https:\/\/senoticias.com.br\/se\/wp-json\/wp\/v2\/posts\/68272"}],"collection":[{"href":"https:\/\/senoticias.com.br\/se\/wp-json\/wp\/v2\/posts"}],"about":[{"href":"https:\/\/senoticias.com.br\/se\/wp-json\/wp\/v2\/types\/post"}],"author":[{"embeddable":true,"href":"https:\/\/senoticias.com.br\/se\/wp-json\/wp\/v2\/users\/1"}],"replies":[{"embeddable":true,"href":"https:\/\/senoticias.com.br\/se\/wp-json\/wp\/v2\/comments?post=68272"}],"version-history":[{"count":0,"href":"https:\/\/senoticias.com.br\/se\/wp-json\/wp\/v2\/posts\/68272\/revisions"}],"wp:featuredmedia":[{"embeddable":true,"href":"https:\/\/senoticias.com.br\/se\/wp-json\/wp\/v2\/media\/68273"}],"wp:attachment":[{"href":"https:\/\/senoticias.com.br\/se\/wp-json\/wp\/v2\/media?parent=68272"}],"wp:term":[{"taxonomy":"category","embeddable":true,"href":"https:\/\/senoticias.com.br\/se\/wp-json\/wp\/v2\/categories?post=68272"},{"taxonomy":"post_tag","embeddable":true,"href":"https:\/\/senoticias.com.br\/se\/wp-json\/wp\/v2\/tags?post=68272"}],"curies":[{"name":"wp","href":"https:\/\/api.w.org\/{rel}","templated":true}]}}