{"id":67698,"date":"2014-07-29T13:31:32","date_gmt":"2014-07-29T16:31:32","guid":{"rendered":"http:\/\/senoticias.com.br\/se\/?p=67698"},"modified":"2014-07-29T13:31:32","modified_gmt":"2014-07-29T16:31:32","slug":"ufs-lanca-edital-de-isencao-com-mais-de-3-mil-vagas","status":"publish","type":"post","link":"https:\/\/senoticias.com.br\/se\/ufs-lanca-edital-de-isencao-com-mais-de-3-mil-vagas\/","title":{"rendered":"UFS lan\u00e7a edital de isen\u00e7\u00e3o com mais de 3 mil vagas"},"content":{"rendered":"<div id=\"attachment_59488\" style=\"width: 310px\" class=\"wp-caption alignright\"><a href=\"http:\/\/senoticias.com.br\/se\/wp-content\/uploads\/2014\/02\/grande-ufs_grande_novo_291011.jpg\"><img loading=\"lazy\" decoding=\"async\" aria-describedby=\"caption-attachment-59488\" class=\"size-medium wp-image-59488\" alt=\"Inscri\u00e7\u00f5es podem ser realizadas entre 30 de julho a 8 de agosto. (Foto: Divulga\u00e7\u00e3o) \" src=\"http:\/\/senoticias.com.br\/se\/wp-content\/uploads\/2014\/02\/grande-ufs_grande_novo_291011-300x225.jpg\" width=\"300\" height=\"225\" srcset=\"https:\/\/senoticias.com.br\/se\/wp-content\/uploads\/2014\/02\/grande-ufs_grande_novo_291011-300x225.jpg 300w, https:\/\/senoticias.com.br\/se\/wp-content\/uploads\/2014\/02\/grande-ufs_grande_novo_291011-342x256.jpg 342w, https:\/\/senoticias.com.br\/se\/wp-content\/uploads\/2014\/02\/grande-ufs_grande_novo_291011-60x45.jpg 60w, https:\/\/senoticias.com.br\/se\/wp-content\/uploads\/2014\/02\/grande-ufs_grande_novo_291011-150x113.jpg 150w, https:\/\/senoticias.com.br\/se\/wp-content\/uploads\/2014\/02\/grande-ufs_grande_novo_291011-269x201.jpg 269w, https:\/\/senoticias.com.br\/se\/wp-content\/uploads\/2014\/02\/grande-ufs_grande_novo_291011.jpg 700w\" sizes=\"(max-width: 300px) 100vw, 300px\" \/><\/a><p id=\"caption-attachment-59488\" class=\"wp-caption-text\">Inscri\u00e7\u00f5es podem ser realizadas entre 30 de julho a 8 de agosto.\u00a0(Foto: Divulga\u00e7\u00e3o)<\/p><\/div>\n<p style=\"text-align: justify;\">A partir desta quarta-feira (30), ser\u00e3o oferecidas tr\u00eas mil cento e cinquenta vagas para o vestibular de cursos \u00e0 dist\u00e2ncia da Universidade Federal de Sergipe (UFS), atrav\u00e9s de um edital de isen\u00e7\u00e3o dos munic\u00edpios de Arau\u00e1, Japaratuba, Po\u00e7o Verde, Porto da Folha, S\u00e3o Domingos, Col\u00f4nia 13 &#8211; Lagarto e S\u00e3o Crist\u00f3v\u00e3o. As inscri\u00e7\u00f5es encerram dia 8 de agosto.<\/p>\n<p style=\"text-align: justify;\">Para obter a isen\u00e7\u00e3o, o candidato deve ter renda familiar per capita igual ou inferior a um sal\u00e1rio m\u00ednimo e meio e ter cursado o ensino m\u00e9dio completo em escola da rede p\u00fablica ou como bolsista integral em escola da rede privada.<\/p>\n<p style=\"text-align: justify;\">Os interessados devem se dirigir \u00e0 Coordena\u00e7\u00e3o de Concurso Vestibular, situada no campus S\u00e3o Crist\u00f3v\u00e3o, no per\u00edodo de 30 de julho a 8 de agosto de 2014, das 8h \u00e0s 11h30 e das 14h \u00e0s 17h30.<\/p>\n<p style=\"text-align: justify;\">\n<p style=\"text-align: justify;\"><em>Com informa\u00e7\u00f5es do G1SE\u00a0<\/em><\/p>\n<p style=\"text-align: justify;\"><strong>Siga o SE Not\u00edcias pelo <a href=\"https:\/\/twitter.com\/Senoticias\" target=\"_blank\">Twitter<\/a> e curta pelo <a href=\"https:\/\/www.facebook.com\/PortalSENoticias?ref_type=bookmark\" target=\"_blank\">Facebook\u00a0<\/a><\/strong><\/p>\n","protected":false},"excerpt":{"rendered":"<p>A partir desta quarta-feira (30), ser\u00e3o oferecidas tr\u00eas mil cento e cinquenta vagas para o vestibular de cursos \u00e0 dist\u00e2ncia da Universidade Federal de Sergipe (UFS), atrav\u00e9s de um edital de isen\u00e7\u00e3o dos munic\u00edpios de Arau\u00e1, Japaratuba, Po\u00e7o Verde, Porto da Folha, S\u00e3o Domingos, Col\u00f4nia 13 &#8211; Lagarto e S\u00e3o Crist\u00f3v\u00e3o. As inscri\u00e7\u00f5es encerram dia [&hellip;]<\/p>\n","protected":false},"author":1,"featured_media":59488,"comment_status":"closed","ping_status":"closed","sticky":false,"template":"","format":"standard","meta":{"footnotes":""},"categories":[44],"tags":[],"class_list":{"0":"post-67698","1":"post","2":"type-post","3":"status-publish","4":"format-standard","5":"has-post-thumbnail","7":"category-educacao"},"_links":{"self":[{"href":"https:\/\/senoticias.com.br\/se\/wp-json\/wp\/v2\/posts\/67698"}],"collection":[{"href":"https:\/\/senoticias.com.br\/se\/wp-json\/wp\/v2\/posts"}],"about":[{"href":"https:\/\/senoticias.com.br\/se\/wp-json\/wp\/v2\/types\/post"}],"author":[{"embeddable":true,"href":"https:\/\/senoticias.com.br\/se\/wp-json\/wp\/v2\/users\/1"}],"replies":[{"embeddable":true,"href":"https:\/\/senoticias.com.br\/se\/wp-json\/wp\/v2\/comments?post=67698"}],"version-history":[{"count":0,"href":"https:\/\/senoticias.com.br\/se\/wp-json\/wp\/v2\/posts\/67698\/revisions"}],"wp:featuredmedia":[{"embeddable":true,"href":"https:\/\/senoticias.com.br\/se\/wp-json\/wp\/v2\/media\/59488"}],"wp:attachment":[{"href":"https:\/\/senoticias.com.br\/se\/wp-json\/wp\/v2\/media?parent=67698"}],"wp:term":[{"taxonomy":"category","embeddable":true,"href":"https:\/\/senoticias.com.br\/se\/wp-json\/wp\/v2\/categories?post=67698"},{"taxonomy":"post_tag","embeddable":true,"href":"https:\/\/senoticias.com.br\/se\/wp-json\/wp\/v2\/tags?post=67698"}],"curies":[{"name":"wp","href":"https:\/\/api.w.org\/{rel}","templated":true}]}}