{"id":67695,"date":"2014-07-29T13:26:40","date_gmt":"2014-07-29T16:26:40","guid":{"rendered":"http:\/\/senoticias.com.br\/se\/?p=67695"},"modified":"2014-07-29T13:26:40","modified_gmt":"2014-07-29T16:26:40","slug":"el-nino-pode-agravar-seca-em-sergipe-diz-climatempo","status":"publish","type":"post","link":"https:\/\/senoticias.com.br\/se\/el-nino-pode-agravar-seca-em-sergipe-diz-climatempo\/","title":{"rendered":"El Ni\u00f1o pode agravar seca em Sergipe, diz Climatempo"},"content":{"rendered":"<div id=\"attachment_67696\" style=\"width: 568px\" class=\"wp-caption aligncenter\"><a href=\"http:\/\/senoticias.com.br\/se\/wp-content\/uploads\/2014\/07\/20131030_125337.jpg\"><img loading=\"lazy\" decoding=\"async\" aria-describedby=\"caption-attachment-67696\" class=\" wp-image-67696 \" alt=\"El Ni\u00f1o pode agravar seca em Sergipe (Foto: Carlos Maciel)\" src=\"http:\/\/senoticias.com.br\/se\/wp-content\/uploads\/2014\/07\/20131030_125337.jpg\" width=\"558\" height=\"419\" \/><\/a><p id=\"caption-attachment-67696\" class=\"wp-caption-text\">El Ni\u00f1o pode agravar seca em Sergipe (Foto: Carlos Maciel)<\/p><\/div>\n<p style=\"text-align: justify;\">O fen\u00f4meno meteorol\u00f3gico El Ni\u00f1o pode agravar a seca em Sergipe, entre o segundo semestre de 2014 e o ano de 2015, segundo relat\u00f3rio meteorol\u00f3gico divulgado pelo Climatempo que faz um detalhamento da Am\u00e9rica Latina. A previs\u00e3o tamb\u00e9m mostra que a probabilidade de ele chegar antes de setembro seja de 70%, e de 80% at\u00e9 o fim deste ano.<\/p>\n<p style=\"text-align: justify;\">O El Ni\u00f1o \u00e9 um fen\u00f4meno causado pelo aquecimento das \u00e1guas do Pac\u00edfico e pela redu\u00e7\u00e3o dos ventos na regi\u00e3o equatorial.<\/p>\n<p style=\"text-align: justify;\">Embora a intensidade aguardada seja de moderada para a fraca, especialistas acreditam que as mudan\u00e7as clim\u00e1ticas podem agravar a seca observada no Nordeste brasileiro. De acordo com especialistas do climatempo, a perspectiva torna-se ainda mais preocupante considerando que o semi\u00e1rido nordestino tem atravessado longos per\u00edodos de estiagem.<\/p>\n<p style=\"text-align: justify;\">Segundo um levantamento feito pela Secretaria Nacional de Prote\u00e7\u00e3o e Defesa Civil (SNPDC), 955 munic\u00edpios do semi\u00e1rido atravessam, atualmente, situa\u00e7\u00e3o de emerg\u00eancia ou estado de calamidade p\u00fablica. Em Sergipe, 17 munic\u00edpios est\u00e3o em situa\u00e7\u00e3o de emerg\u00eancia e calamidade p\u00fablica.<\/p>\n<p style=\"text-align: justify;\">S\u00e3o eles: Campo do Brito, Canind\u00e9 de S\u00e3o Francisco, Feira Nova, Frei Paulo, Gararu,<br \/>\nGracho Cardoso,Itabi, Monte Alegre de Sergipe, Nossa Senhora Aparecida, Nossa Senhora da Gl\u00f3ria,Nossa Senhora de Lourdes, Pedra Mole, Pinh\u00e3o, Po\u00e7o Redondo, Po\u00e7o Verde, Porto da Folha e S\u00e3o Miguel do Aleixo.<\/p>\n<p style=\"text-align: justify;\"><strong>Cisternas<\/strong><\/p>\n<p style=\"text-align: justify;\">Mais de 13 mil moradores destes munic\u00edpios est\u00e3o sendo beneficiados com 2.718 cisternas de polietileno. A distribui\u00e7\u00e3o dos reservat\u00f3rios para o ac\u00famulo de \u00e1gua da chuva \u00e9 uma das principais medidas adotadas para permitir que as fam\u00edlias consigam conviver com a seca. Esses reservat\u00f3rios podem armazenar 16 mil litros de \u00e1gua, o suficiente para uma fam\u00edlia de 4 a 5 pessoas se manter durante nove meses de estiagem, garantindo \u00e1gua limpa para o homem do campo, beber e cozinhar.<\/p>\n<p style=\"text-align: justify;\">O Centro de Meteorologia de Sergipe informou que prefere n\u00e3o antecipar nenhuma informa\u00e7\u00e3o sobre o assunto. A meteorologista, Aline Oliver garantiu que existe uma comiss\u00e3o tratando do assunto, mas o grupo ainda n\u00e3o chegou a uma conclus\u00e3o.<\/p>\n<p style=\"text-align: justify;\"><em>Com informa\u00e7\u00f5es do G1SE\u00a0<\/em><\/p>\n<p style=\"text-align: justify;\"><strong>Siga o SE Not\u00edcias pelo <a href=\"https:\/\/twitter.com\/Senoticias\" target=\"_blank\">Twitter<\/a> e curta pelo <a href=\"https:\/\/www.facebook.com\/PortalSENoticias?ref_type=bookmark\" target=\"_blank\">Facebook\u00a0<\/a><\/strong><\/p>\n","protected":false},"excerpt":{"rendered":"<p>O fen\u00f4meno meteorol\u00f3gico El Ni\u00f1o pode agravar a seca em Sergipe, entre o segundo semestre de 2014 e o ano de 2015, segundo relat\u00f3rio meteorol\u00f3gico divulgado pelo Climatempo que faz um detalhamento da Am\u00e9rica Latina. A previs\u00e3o tamb\u00e9m mostra que a probabilidade de ele chegar antes de setembro seja de 70%, e de 80% at\u00e9 [&hellip;]<\/p>\n","protected":false},"author":1,"featured_media":67696,"comment_status":"closed","ping_status":"closed","sticky":false,"template":"","format":"standard","meta":{"footnotes":""},"categories":[38],"tags":[],"class_list":{"0":"post-67695","1":"post","2":"type-post","3":"status-publish","4":"format-standard","5":"has-post-thumbnail","7":"category-municipios"},"_links":{"self":[{"href":"https:\/\/senoticias.com.br\/se\/wp-json\/wp\/v2\/posts\/67695"}],"collection":[{"href":"https:\/\/senoticias.com.br\/se\/wp-json\/wp\/v2\/posts"}],"about":[{"href":"https:\/\/senoticias.com.br\/se\/wp-json\/wp\/v2\/types\/post"}],"author":[{"embeddable":true,"href":"https:\/\/senoticias.com.br\/se\/wp-json\/wp\/v2\/users\/1"}],"replies":[{"embeddable":true,"href":"https:\/\/senoticias.com.br\/se\/wp-json\/wp\/v2\/comments?post=67695"}],"version-history":[{"count":0,"href":"https:\/\/senoticias.com.br\/se\/wp-json\/wp\/v2\/posts\/67695\/revisions"}],"wp:featuredmedia":[{"embeddable":true,"href":"https:\/\/senoticias.com.br\/se\/wp-json\/wp\/v2\/media\/67696"}],"wp:attachment":[{"href":"https:\/\/senoticias.com.br\/se\/wp-json\/wp\/v2\/media?parent=67695"}],"wp:term":[{"taxonomy":"category","embeddable":true,"href":"https:\/\/senoticias.com.br\/se\/wp-json\/wp\/v2\/categories?post=67695"},{"taxonomy":"post_tag","embeddable":true,"href":"https:\/\/senoticias.com.br\/se\/wp-json\/wp\/v2\/tags?post=67695"}],"curies":[{"name":"wp","href":"https:\/\/api.w.org\/{rel}","templated":true}]}}