{"id":67693,"date":"2014-07-29T13:18:53","date_gmt":"2014-07-29T16:18:53","guid":{"rendered":"http:\/\/senoticias.com.br\/se\/?p=67693"},"modified":"2014-07-29T13:19:32","modified_gmt":"2014-07-29T16:19:32","slug":"adolescente-e-baleado-na-porta-de-escola-municipal-no-bairro-lamarao","status":"publish","type":"post","link":"https:\/\/senoticias.com.br\/se\/adolescente-e-baleado-na-porta-de-escola-municipal-no-bairro-lamarao\/","title":{"rendered":"Adolescente \u00e9 baleado na porta de escola municipal no bairro Lamar\u00e3o"},"content":{"rendered":"<div id=\"attachment_67400\" style=\"width: 310px\" class=\"wp-caption alignright\"><a href=\"http:\/\/senoticias.com.br\/se\/wp-content\/uploads\/2014\/07\/194201310504.jpg\"><img loading=\"lazy\" decoding=\"async\" aria-describedby=\"caption-attachment-67400\" class=\"size-medium wp-image-67400\" alt=\"O jovem foi encaminhado ao Hospital de Urg\u00eancia de Sergipe. \" src=\"http:\/\/senoticias.com.br\/se\/wp-content\/uploads\/2014\/07\/194201310504-300x200.jpg\" width=\"300\" height=\"200\" srcset=\"https:\/\/senoticias.com.br\/se\/wp-content\/uploads\/2014\/07\/194201310504-300x200.jpg 300w, https:\/\/senoticias.com.br\/se\/wp-content\/uploads\/2014\/07\/194201310504-342x228.jpg 342w, https:\/\/senoticias.com.br\/se\/wp-content\/uploads\/2014\/07\/194201310504.jpg 750w\" sizes=\"(max-width: 300px) 100vw, 300px\" \/><\/a><p id=\"caption-attachment-67400\" class=\"wp-caption-text\">O jovem foi encaminhado ao Hospital de Urg\u00eancia de Sergipe.<\/p><\/div>\n<p style=\"text-align: justify;\">Um estudante foi baleado na manh\u00e3 desta ter\u00e7a-feira (29) na porta da escola municipal S\u00e9rgio Francisco, localizada no bairro Lamar\u00e3o. O adolescente de 14 anos aguardava para entrar no col\u00e9gio quando foi atingido por tr\u00eas tiros.<\/p>\n<p style=\"text-align: justify;\">O jovem foi socorrido pelo Servi\u00e7o de Atendimento M\u00f3vel (SAMU) e encaminhado ao Hospital de Urg\u00eancia de Sergipe (HUSE), onde passou por cirurgia e se encontra na Ala Vermelha. Informa\u00e7\u00f5es de familiares d\u00e3o conta de que o autor dos disparos teria sido um homem que usava o adolescente para praticar assaltos.<\/p>\n<p style=\"text-align: justify;\">O jovem teria passagem pela Unidade Socioeducativa de Interna\u00e7\u00e3o Provis\u00f3ria (USIP), onde ficou internado acusado de roubo e havia sido liberado h\u00e1 duas semanas.<\/p>\n<p style=\"text-align: justify;\"><em>Com informa\u00e7\u00f5es do A8SE<\/em><\/p>\n<p style=\"text-align: justify;\"><strong>Siga o SE Not\u00edcias pelo <a href=\"https:\/\/twitter.com\/Senoticias\" target=\"_blank\">Twitter<\/a> e curta pelo <a href=\"https:\/\/www.facebook.com\/PortalSENoticias?ref_type=bookmark\" target=\"_blank\">Facebook\u00a0<\/a><\/strong><\/p>\n","protected":false},"excerpt":{"rendered":"<p>Um estudante foi baleado na manh\u00e3 desta ter\u00e7a-feira (29) na porta da escola municipal S\u00e9rgio Francisco, localizada no bairro Lamar\u00e3o. O adolescente de 14 anos aguardava para entrar no col\u00e9gio quando foi atingido por tr\u00eas tiros. O jovem foi socorrido pelo Servi\u00e7o de Atendimento M\u00f3vel (SAMU) e encaminhado ao Hospital de Urg\u00eancia de Sergipe (HUSE), [&hellip;]<\/p>\n","protected":false},"author":1,"featured_media":67400,"comment_status":"closed","ping_status":"closed","sticky":false,"template":"","format":"standard","meta":{"footnotes":""},"categories":[38],"tags":[],"class_list":{"0":"post-67693","1":"post","2":"type-post","3":"status-publish","4":"format-standard","5":"has-post-thumbnail","7":"category-municipios"},"_links":{"self":[{"href":"https:\/\/senoticias.com.br\/se\/wp-json\/wp\/v2\/posts\/67693"}],"collection":[{"href":"https:\/\/senoticias.com.br\/se\/wp-json\/wp\/v2\/posts"}],"about":[{"href":"https:\/\/senoticias.com.br\/se\/wp-json\/wp\/v2\/types\/post"}],"author":[{"embeddable":true,"href":"https:\/\/senoticias.com.br\/se\/wp-json\/wp\/v2\/users\/1"}],"replies":[{"embeddable":true,"href":"https:\/\/senoticias.com.br\/se\/wp-json\/wp\/v2\/comments?post=67693"}],"version-history":[{"count":0,"href":"https:\/\/senoticias.com.br\/se\/wp-json\/wp\/v2\/posts\/67693\/revisions"}],"wp:featuredmedia":[{"embeddable":true,"href":"https:\/\/senoticias.com.br\/se\/wp-json\/wp\/v2\/media\/67400"}],"wp:attachment":[{"href":"https:\/\/senoticias.com.br\/se\/wp-json\/wp\/v2\/media?parent=67693"}],"wp:term":[{"taxonomy":"category","embeddable":true,"href":"https:\/\/senoticias.com.br\/se\/wp-json\/wp\/v2\/categories?post=67693"},{"taxonomy":"post_tag","embeddable":true,"href":"https:\/\/senoticias.com.br\/se\/wp-json\/wp\/v2\/tags?post=67693"}],"curies":[{"name":"wp","href":"https:\/\/api.w.org\/{rel}","templated":true}]}}