{"id":67691,"date":"2014-07-29T13:08:40","date_gmt":"2014-07-29T16:08:40","guid":{"rendered":"http:\/\/senoticias.com.br\/se\/?p=67691"},"modified":"2014-07-29T13:08:40","modified_gmt":"2014-07-29T16:08:40","slug":"ifs-abre-inscricoes-em-selecao-para-cursos-tecnicos","status":"publish","type":"post","link":"https:\/\/senoticias.com.br\/se\/ifs-abre-inscricoes-em-selecao-para-cursos-tecnicos\/","title":{"rendered":"IFS abre inscri\u00e7\u00f5es em sele\u00e7\u00e3o para cursos t\u00e9cnicos"},"content":{"rendered":"<div id=\"attachment_53375\" style=\"width: 310px\" class=\"wp-caption alignright\"><a href=\"http:\/\/senoticias.com.br\/se\/wp-content\/uploads\/2013\/10\/grande-IFS_281220111.jpg\"><img loading=\"lazy\" decoding=\"async\" aria-describedby=\"caption-attachment-53375\" class=\"size-medium wp-image-53375\" alt=\"Per\u00edodo de inscri\u00e7\u00f5es se estende at\u00e9 o dia 29. (Foto: Divulga\u00e7\u00e3o)\" src=\"http:\/\/senoticias.com.br\/se\/wp-content\/uploads\/2013\/10\/grande-IFS_281220111-300x199.jpg\" width=\"300\" height=\"199\" srcset=\"https:\/\/senoticias.com.br\/se\/wp-content\/uploads\/2013\/10\/grande-IFS_281220111-300x199.jpg 300w, https:\/\/senoticias.com.br\/se\/wp-content\/uploads\/2013\/10\/grande-IFS_281220111-342x227.jpg 342w, https:\/\/senoticias.com.br\/se\/wp-content\/uploads\/2013\/10\/grande-IFS_281220111.jpg 500w\" sizes=\"(max-width: 300px) 100vw, 300px\" \/><\/a><p id=\"caption-attachment-53375\" class=\"wp-caption-text\">Per\u00edodo de inscri\u00e7\u00f5es se estende at\u00e9 o dia 29. (Foto: Divulga\u00e7\u00e3o)<\/p><\/div>\n<p style=\"text-align: justify;\">O Instituto Federal de Sergipe (IFS) est\u00e1 com inscri\u00e7\u00f5es abertas em dois editais com 850 vagas para ingresso no segundo semestre de 2014. Est\u00e3o dispon\u00edveis 660 vagas em cursos t\u00e9cnicos de n\u00edvel m\u00e9dio subsequente para os campi Aracaju, Lagarto, S\u00e3o Crist\u00f3v\u00e3o e Est\u00e2ncia, e 190 em cursos de gradua\u00e7\u00e3o, apenas para os tr\u00eas primeiros campi.<\/p>\n<p style=\"text-align: justify;\">O per\u00edodo de inscri\u00e7\u00f5es se estende at\u00e9 o dia 29 de agosto. A taxa de inscri\u00e7\u00e3o \u00e9 de R$ 20 para os cursos t\u00e9cnicos e de R$ 30 para os cursos de n\u00edvel superior.<\/p>\n<p style=\"text-align: justify;\">Entre os cursos t\u00e9cnicos de n\u00edvel m\u00e9dio subsequente h\u00e1 op\u00e7\u00f5es em diversas \u00e1reas, como Alimentos, Edifica\u00e7\u00f5es, Eletr\u00f4nica, Eletrot\u00e9cnica, Eletrot\u00e9cnica, Guia de Turismo, Hospedagem, Petr\u00f3leo e G\u00e1s, Qu\u00edmica, Rede de Computadores e Seguran\u00e7a no Trabalho, no Campus Aracaju; Eletrot\u00e9cnica, no Campus Est\u00e2ncia; Edifica\u00e7\u00f5es e Eletromec\u00e2nica, no Campus Lagarto; e Agrimensura, no Campus S\u00e3o Crist\u00f3v\u00e3o.<\/p>\n<p style=\"text-align: justify;\">J\u00e1 entre os cursos de gradua\u00e7\u00e3o, est\u00e3o sendo oferecidas vagas em Engenharia Civil, licenciatura em Matem\u00e1tica, licenciatura em Qu\u00edmica, Gest\u00e3o de Turismo e Saneamento Ambiental, no Campus Aracaju; Sistemas de Informa\u00e7\u00e3o, Automa\u00e7\u00e3o Industrial e licenciatura em F\u00edsica, no Campus Lagarto; e Agroecologia, no Campus S\u00e3o Crist\u00f3v\u00e3o.<\/p>\n<p style=\"text-align: justify;\"><strong>Provas<\/strong><\/p>\n<p style=\"text-align: justify;\">As provas do vestibular (gradua\u00e7\u00e3o) ser\u00e3o realizadas no dia 28 de setembro e do processo seletivo (cursos t\u00e9cnicos) no dia 5 de outubro, \u00e0s 9h, com dura\u00e7\u00e3o de quatro horas. O candidato deve chegar ao local com uma hora de anteced\u00eancia, portando carteira de identidade original ou documento original com foto e apresentar cart\u00e3o de identifica\u00e7\u00e3o.<\/p>\n<p style=\"text-align: justify;\">A lista de pr\u00e9-classificados no vestibular deve ser divulgada no dia 6 de outubro. O resultado final do vestibular est\u00e1 previsto para o dia 17 de outubro e do processo seletivo para o dia 22 do mesmo m\u00eas. Confira edital completo no site.<\/p>\n<p style=\"text-align: justify;\"><em>Fonte: Ascom Fies\u00a0<\/em><\/p>\n<p style=\"text-align: justify;\"><strong>Siga o SE Not\u00edcias pelo <a href=\"twitter.com\/Senoticias\" target=\"_blank\">Twitter<\/a> e curta pelo <a href=\"https:\/\/www.facebook.com\/PortalSENoticias?ref_type=bookmark\" target=\"_blank\">Facebook\u00a0<\/a><\/strong><\/p>\n","protected":false},"excerpt":{"rendered":"<p>O Instituto Federal de Sergipe (IFS) est\u00e1 com inscri\u00e7\u00f5es abertas em dois editais com 850 vagas para ingresso no segundo semestre de 2014. Est\u00e3o dispon\u00edveis 660 vagas em cursos t\u00e9cnicos de n\u00edvel m\u00e9dio subsequente para os campi Aracaju, Lagarto, S\u00e3o Crist\u00f3v\u00e3o e Est\u00e2ncia, e 190 em cursos de gradua\u00e7\u00e3o, apenas para os tr\u00eas primeiros campi. [&hellip;]<\/p>\n","protected":false},"author":1,"featured_media":53375,"comment_status":"closed","ping_status":"closed","sticky":false,"template":"","format":"standard","meta":{"footnotes":""},"categories":[44],"tags":[],"class_list":{"0":"post-67691","1":"post","2":"type-post","3":"status-publish","4":"format-standard","5":"has-post-thumbnail","7":"category-educacao"},"_links":{"self":[{"href":"https:\/\/senoticias.com.br\/se\/wp-json\/wp\/v2\/posts\/67691"}],"collection":[{"href":"https:\/\/senoticias.com.br\/se\/wp-json\/wp\/v2\/posts"}],"about":[{"href":"https:\/\/senoticias.com.br\/se\/wp-json\/wp\/v2\/types\/post"}],"author":[{"embeddable":true,"href":"https:\/\/senoticias.com.br\/se\/wp-json\/wp\/v2\/users\/1"}],"replies":[{"embeddable":true,"href":"https:\/\/senoticias.com.br\/se\/wp-json\/wp\/v2\/comments?post=67691"}],"version-history":[{"count":0,"href":"https:\/\/senoticias.com.br\/se\/wp-json\/wp\/v2\/posts\/67691\/revisions"}],"wp:featuredmedia":[{"embeddable":true,"href":"https:\/\/senoticias.com.br\/se\/wp-json\/wp\/v2\/media\/53375"}],"wp:attachment":[{"href":"https:\/\/senoticias.com.br\/se\/wp-json\/wp\/v2\/media?parent=67691"}],"wp:term":[{"taxonomy":"category","embeddable":true,"href":"https:\/\/senoticias.com.br\/se\/wp-json\/wp\/v2\/categories?post=67691"},{"taxonomy":"post_tag","embeddable":true,"href":"https:\/\/senoticias.com.br\/se\/wp-json\/wp\/v2\/tags?post=67691"}],"curies":[{"name":"wp","href":"https:\/\/api.w.org\/{rel}","templated":true}]}}