{"id":67686,"date":"2014-07-29T10:11:21","date_gmt":"2014-07-29T13:11:21","guid":{"rendered":"http:\/\/senoticias.com.br\/se\/?p=67686"},"modified":"2014-07-29T11:15:12","modified_gmt":"2014-07-29T14:15:12","slug":"entenda-qual-e-a-diferenca-entre-voto-em-branco-e-voto-nulo-e-suas-consequencias","status":"publish","type":"post","link":"https:\/\/senoticias.com.br\/se\/entenda-qual-e-a-diferenca-entre-voto-em-branco-e-voto-nulo-e-suas-consequencias\/","title":{"rendered":"Entenda qual \u00e9 a diferen\u00e7a entre voto em branco e voto nulo e suas consequ\u00eancias"},"content":{"rendered":"<p style=\"text-align: justify;\">Nas elei\u00e7\u00f5es de outubro pr\u00f3ximo ser\u00e3o escolhidos pelo voto popular o presidente que comandar\u00e1 o pa\u00eds de 2015 a 2018 e tamb\u00e9m os deputados estaduais, deputados federais, senadores e o governador de cada Estado. Diante da proximidade das elei\u00e7\u00f5es, uma das d\u00favidas mais comuns do eleitor \u00e9 sobre como vai votar.<\/p>\n<p style=\"text-align: justify;\">Apesar de o voto no Brasil ser obrigat\u00f3rio, o eleitor, de acordo com a legisla\u00e7\u00e3o vigente, \u00e9 livre para escolher o seu candidato ou n\u00e3o escolher candidato algum. Ou seja: o cidad\u00e3o \u00e9 obrigado a comparecer ao local de vota\u00e7\u00e3o, ou a justificar sua aus\u00eancia, mas pode optar por votar em branco ou anular o seu voto.<\/p>\n<p style=\"text-align: justify;\"><strong>Mas qual \u00e9 a diferen\u00e7a entre o voto em branco e o voto nulo?<\/strong><\/p>\n<p style=\"text-align: justify;\">De acordo com o Gloss\u00e1rio Eleitoral do Tribunal Superior Eleitoral (TSE), o\u00a0<strong>voto em branco\u00a0<\/strong>\u00e9 aquele em que o eleitor n\u00e3o manifesta prefer\u00eancia por nenhum dos candidatos. Antes do aparecimento da urna eletr\u00f4nica, para votar em branco bastava n\u00e3o assinalar a c\u00e9dula de vota\u00e7\u00e3o, deixando-a em branco. Hoje em dia, para votar em branco \u00e9 necess\u00e1rio que o eleitor pressione a tecla &#8220;branco&#8221; na urna e, em seguida, a tecla &#8220;confirma&#8221;.<\/p>\n<div id=\"attachment_67687\" style=\"width: 604px\" class=\"wp-caption aligncenter\"><a href=\"http:\/\/senoticias.com.br\/se\/wp-content\/uploads\/2014\/07\/Branco-e-nulos.jpg\"><img loading=\"lazy\" decoding=\"async\" aria-describedby=\"caption-attachment-67687\" class=\"size-full wp-image-67687\" alt=\"Entenda qual \u00e9 a diferen\u00e7a entre voto em branco e voto nulo e suas consequ\u00eancias. (Divulga\u00e7\u00e3o)\" src=\"http:\/\/senoticias.com.br\/se\/wp-content\/uploads\/2014\/07\/Branco-e-nulos.jpg\" width=\"594\" height=\"248\" srcset=\"https:\/\/senoticias.com.br\/se\/wp-content\/uploads\/2014\/07\/Branco-e-nulos.jpg 594w, https:\/\/senoticias.com.br\/se\/wp-content\/uploads\/2014\/07\/Branco-e-nulos-300x125.jpg 300w, https:\/\/senoticias.com.br\/se\/wp-content\/uploads\/2014\/07\/Branco-e-nulos-342x142.jpg 342w\" sizes=\"(max-width: 594px) 100vw, 594px\" \/><\/a><p id=\"caption-attachment-67687\" class=\"wp-caption-text\">Entenda qual \u00e9 a diferen\u00e7a entre voto em branco e voto nulo e suas consequ\u00eancias. (Divulga\u00e7\u00e3o)<\/p><\/div>\n<p style=\"text-align: justify;\">O TSE considera como\u00a0<strong>voto nulo\u00a0<\/strong>aquele em que o eleitor manifesta sua vontade de anular o voto. Para votar nulo, o eleitor precisa digitar um n\u00famero de candidato inexistente, como por exemplo, &#8220;00&#8221;, e depois a tecla &#8220;confirma&#8221;.<\/p>\n<p style=\"text-align: justify;\">Antigamente como o voto branco era considerado v\u00e1lido (isto \u00e9, era contabilizado e dado para o candidato vencedor), ele era tido como um voto de conformismo, na qual o eleitor se mostrava satisfeito com o candidato que vencesse as elei\u00e7\u00f5es, enquanto que o voto nulo (considerado inv\u00e1lido pela Justi\u00e7a Eleitoral) era tido como um voto de protesto contra os candidatos ou contra a classe pol\u00edtica em geral.<\/p>\n<p style=\"text-align: justify;\">Atualmente, vigora no pleito eleitoral o princ\u00edpio da maioria absoluta de votos v\u00e1lidos, conforme a Constitui\u00e7\u00e3o Federal e a Lei das Elei\u00e7\u00f5es. Este princ\u00edpio considera apenas os votos v\u00e1lidos, que s\u00e3o os votos nominais e os de legenda, para os c\u00e1lculos eleitorais, desconsiderando os votos em branco e os nulos.<\/p>\n<p style=\"text-align: justify;\">Como \u00e9 poss\u00edvel notar, os votos nulos e brancos acabam constituindo apenas um direito de manifesta\u00e7\u00e3o de descontentamento do eleitor, n\u00e3o tendo qualquer outra serventia para o pleito eleitoral, do ponto de vista das elei\u00e7\u00f5es majorit\u00e1rias (elei\u00e7\u00f5es para presidente, governador e senador), em que o eleito \u00e9 o candidato que obtiver a maioria simples (o maior n\u00famero dos votos apurados) ou absoluta dos votos (mais da metade dos votos apurados, exclu\u00eddos os votos em branco e os nulos).<\/p>\n<p style=\"text-align: justify;\">J\u00e1 no que diz respeito \u00e0s elei\u00e7\u00f5es proporcionais, utilizadas para os cargos de deputado federal, deputado estadual e vereador, a situa\u00e7\u00e3o muda e os votos nulos e brancos passam a interferir no resultado das elei\u00e7\u00f5es. \u00c9 que para ser eleito a um desses cargos, o candidato precisa alcan\u00e7ar o quociente eleitoral, que \u00e9 o \u00edndice que determina o n\u00famero de\u00a0vagas\u00a0que cada partido vai ocupar no legislativo, obtido pela divis\u00e3o do n\u00famero de votos v\u00e1lidos (votos atribu\u00eddos aos candidatos ou \u00e0 legenda) pelo de vagas a serem preenchidas. Desse modo, quanto maior for a quantidade de votos nulos e brancos, menor ser\u00e1 o quociente eleitoral e mais f\u00e1cil ser\u00e1 para o candidato conquistar a vaga.<\/p>\n<p style=\"text-align: justify;\">\u00c9 por esse motivo que muitas vezes um candidato obt\u00e9m menos votos que\u00a0outros\u00a0e \u00e9 eleito, puxado pela vota\u00e7\u00e3o expressiva de outro candidato do partido ou pelos votos da legenda.<\/p>\n<p style=\"text-align: justify;\">Assim, ao decidir votar nulo ou em branco, \u00e9 importante que o eleitor o fa\u00e7a de maneira consciente.<\/p>\n<p><strong>Siga o SE Not\u00edcias pelo <a href=\" https:\/\/twitter.com\/Senoticias\" target=\"_blank\">Twitter<\/a> e curta no <a href=\" https:\/\/www.facebook.com\/PortalSENoticias\" target=\"_blank\">Facebook<\/a><\/strong><\/p>\n<p><strong><em>Com informa\u00e7\u00f5es do Ribeir\u00e3o Pires<\/em><\/strong><\/p>\n","protected":false},"excerpt":{"rendered":"<p>Nas elei\u00e7\u00f5es de outubro pr\u00f3ximo ser\u00e3o escolhidos pelo voto popular o presidente que comandar\u00e1 o pa\u00eds de 2015 a 2018 e tamb\u00e9m os deputados estaduais, deputados federais, senadores e o governador de cada Estado. Diante da proximidade das elei\u00e7\u00f5es, uma das d\u00favidas mais comuns do eleitor \u00e9 sobre como vai votar. Apesar de o voto [&hellip;]<\/p>\n","protected":false},"author":1,"featured_media":67687,"comment_status":"closed","ping_status":"closed","sticky":false,"template":"","format":"standard","meta":{"footnotes":""},"categories":[6],"tags":[],"class_list":{"0":"post-67686","1":"post","2":"type-post","3":"status-publish","4":"format-standard","5":"has-post-thumbnail","7":"category-politica"},"_links":{"self":[{"href":"https:\/\/senoticias.com.br\/se\/wp-json\/wp\/v2\/posts\/67686"}],"collection":[{"href":"https:\/\/senoticias.com.br\/se\/wp-json\/wp\/v2\/posts"}],"about":[{"href":"https:\/\/senoticias.com.br\/se\/wp-json\/wp\/v2\/types\/post"}],"author":[{"embeddable":true,"href":"https:\/\/senoticias.com.br\/se\/wp-json\/wp\/v2\/users\/1"}],"replies":[{"embeddable":true,"href":"https:\/\/senoticias.com.br\/se\/wp-json\/wp\/v2\/comments?post=67686"}],"version-history":[{"count":0,"href":"https:\/\/senoticias.com.br\/se\/wp-json\/wp\/v2\/posts\/67686\/revisions"}],"wp:featuredmedia":[{"embeddable":true,"href":"https:\/\/senoticias.com.br\/se\/wp-json\/wp\/v2\/media\/67687"}],"wp:attachment":[{"href":"https:\/\/senoticias.com.br\/se\/wp-json\/wp\/v2\/media?parent=67686"}],"wp:term":[{"taxonomy":"category","embeddable":true,"href":"https:\/\/senoticias.com.br\/se\/wp-json\/wp\/v2\/categories?post=67686"},{"taxonomy":"post_tag","embeddable":true,"href":"https:\/\/senoticias.com.br\/se\/wp-json\/wp\/v2\/tags?post=67686"}],"curies":[{"name":"wp","href":"https:\/\/api.w.org\/{rel}","templated":true}]}}