{"id":67683,"date":"2014-07-29T10:40:16","date_gmt":"2014-07-29T13:40:16","guid":{"rendered":"http:\/\/senoticias.com.br\/se\/?p=67683"},"modified":"2014-07-30T20:39:53","modified_gmt":"2014-07-30T23:39:53","slug":"67683","status":"publish","type":"post","link":"https:\/\/senoticias.com.br\/se\/67683\/","title":{"rendered":"Pol\u00edcia Federal prende em flagrante dois homens transportando cerca de 436 Kg de maconha em Est\u00e2ncia"},"content":{"rendered":"<p style=\"text-align: justify;\">Na manh\u00e3 de hoje, dia 29.07, durante barreira policial realizada na BR-101, no Munic\u00edpio de Est\u00e2ncia\/SE, policiais federais apreenderam em flagrante <b>436<\/b>\u00a0kg de maconha, transportados em um caminh\u00e3o com placas de Piren\u00f3polis\/GO, carregado com pedras de constru\u00e7\u00e3o.<\/p>\n<div id=\"attachment_67685\" style=\"width: 603px\" class=\"wp-caption aligncenter\"><a href=\"http:\/\/senoticias.com.br\/se\/wp-content\/uploads\/2014\/07\/IMG-20140729-WA0001.jpg\"><img loading=\"lazy\" decoding=\"async\" aria-describedby=\"caption-attachment-67685\" class=\"size-full wp-image-67685\" alt=\"no ve\u00edculo, logo foram localizados tabletes de maconha escondidos entre as pedras.\" src=\"http:\/\/senoticias.com.br\/se\/wp-content\/uploads\/2014\/07\/IMG-20140729-WA0001.jpg\" width=\"593\" height=\"292\" srcset=\"https:\/\/senoticias.com.br\/se\/wp-content\/uploads\/2014\/07\/IMG-20140729-WA0001.jpg 593w, https:\/\/senoticias.com.br\/se\/wp-content\/uploads\/2014\/07\/IMG-20140729-WA0001-300x147.jpg 300w, https:\/\/senoticias.com.br\/se\/wp-content\/uploads\/2014\/07\/IMG-20140729-WA0001-342x168.jpg 342w\" sizes=\"(max-width: 593px) 100vw, 593px\" \/><\/a><p id=\"caption-attachment-67685\" class=\"wp-caption-text\">No caminh\u00e3o, foi localizado \u00a0cerca de 700 Kg de maconha escondidos entre as pedras.(Grupo WhatSapp)<\/p><\/div>\n<p style=\"text-align: justify;\">Ao abordar o caminh\u00e3o, os condutores ADRIANO GOMES PINTO, 37 anos e JUMIREZ GOMES DA SILVA, 34 anos, naturais do Estado de Goi\u00e1s demonstraram grande nervosismo, gerando suspeita por parte dos policiais, que ao solicitarem a nota fiscal da carga, verificaram que a mesma apresentava ind\u00edcios de falsidade.<\/p>\n<p style=\"text-align: justify;\">Ao ser feita a vistoria no ve\u00edculo, logo foram localizados tabletes de maconha escondidos entre as pedras. Dessa forma, os condutores foram encaminhados \u00e0 sede da Pol\u00edcia Federal em Sergipe onde, ap\u00f3s detalhada vistoria, foi constatado aproximadamente <b>436<\/b>\u00a0kg de maconha ocultados na carga.<\/p>\n<p style=\"text-align: justify;\">Durante o interrogat\u00f3rio, os presos confessaram que o destino do entorpecente seria a cidade de Aracaju, n\u00e3o revelando a sua origem. As investiga\u00e7\u00f5es prosseguir\u00e3o a fim de verificar a origem da droga e os eventuais participantes do crime. Verificou-se que JUMIREZ GOMES DA SILVA j\u00e1 responde pelo crime de homic\u00eddio.<\/p>\n<p style=\"text-align: justify;\">Os indiciados, responder\u00e3o pelos crimes de tr\u00e1fico interestadual de entorpecentes, nos termos dos artigos 33, 35 e 40 da Lei 11.343\/2006, com penas previstas de at\u00e9 25 anos de pris\u00e3o, sendo encaminhados \u00e0 Delegacia Plantonista de Aracaju\/SE, onde permanecer\u00e3o \u00e0 disposi\u00e7\u00e3o do Ju\u00edzo da Comarca de Est\u00e2ncia\/SE.<\/p>\n<p><strong>Siga o SE Not\u00edcias pelo <a href=\" https:\/\/twitter.com\/Senoticias\" target=\"_blank\">Twitter<\/a> e curta no <a href=\" https:\/\/www.facebook.com\/PortalSENoticias\" target=\"_blank\">Facebook<\/a><\/strong><\/p>\n<p><em><strong> Comunica\u00e7\u00e3o Social \u2013 SR\/SE<\/strong><\/em><\/p>\n","protected":false},"excerpt":{"rendered":"<p>Na manh\u00e3 de hoje, dia 29.07, durante barreira policial realizada na BR-101, no Munic\u00edpio de Est\u00e2ncia\/SE, policiais federais apreenderam em flagrante 436\u00a0kg de maconha, transportados em um caminh\u00e3o com placas de Piren\u00f3polis\/GO, carregado com pedras de constru\u00e7\u00e3o. Ao abordar o caminh\u00e3o, os condutores ADRIANO GOMES PINTO, 37 anos e JUMIREZ GOMES DA SILVA, 34 anos, [&hellip;]<\/p>\n","protected":false},"author":1,"featured_media":67685,"comment_status":"closed","ping_status":"closed","sticky":false,"template":"","format":"standard","meta":{"footnotes":""},"categories":[310,7],"tags":[],"class_list":{"0":"post-67683","1":"post","2":"type-post","3":"status-publish","4":"format-standard","5":"has-post-thumbnail","7":"category-destaques-da-semana","8":"category-policia"},"_links":{"self":[{"href":"https:\/\/senoticias.com.br\/se\/wp-json\/wp\/v2\/posts\/67683"}],"collection":[{"href":"https:\/\/senoticias.com.br\/se\/wp-json\/wp\/v2\/posts"}],"about":[{"href":"https:\/\/senoticias.com.br\/se\/wp-json\/wp\/v2\/types\/post"}],"author":[{"embeddable":true,"href":"https:\/\/senoticias.com.br\/se\/wp-json\/wp\/v2\/users\/1"}],"replies":[{"embeddable":true,"href":"https:\/\/senoticias.com.br\/se\/wp-json\/wp\/v2\/comments?post=67683"}],"version-history":[{"count":0,"href":"https:\/\/senoticias.com.br\/se\/wp-json\/wp\/v2\/posts\/67683\/revisions"}],"wp:featuredmedia":[{"embeddable":true,"href":"https:\/\/senoticias.com.br\/se\/wp-json\/wp\/v2\/media\/67685"}],"wp:attachment":[{"href":"https:\/\/senoticias.com.br\/se\/wp-json\/wp\/v2\/media?parent=67683"}],"wp:term":[{"taxonomy":"category","embeddable":true,"href":"https:\/\/senoticias.com.br\/se\/wp-json\/wp\/v2\/categories?post=67683"},{"taxonomy":"post_tag","embeddable":true,"href":"https:\/\/senoticias.com.br\/se\/wp-json\/wp\/v2\/tags?post=67683"}],"curies":[{"name":"wp","href":"https:\/\/api.w.org\/{rel}","templated":true}]}}