{"id":67681,"date":"2014-07-29T10:17:28","date_gmt":"2014-07-29T13:17:28","guid":{"rendered":"http:\/\/senoticias.com.br\/se\/?p=67681"},"modified":"2014-07-29T10:35:20","modified_gmt":"2014-07-29T13:35:20","slug":"policia-prende-tres-pessoas-por-furto-desvios-de-cargas-e-tentativa-de-homicidio-em-umbauba","status":"publish","type":"post","link":"https:\/\/senoticias.com.br\/se\/policia-prende-tres-pessoas-por-furto-desvios-de-cargas-e-tentativa-de-homicidio-em-umbauba\/","title":{"rendered":"Pol\u00edcia prende tr\u00eas pessoas por furto, desvios de cargas e tentativa de homic\u00eddio em Umba\u00faba"},"content":{"rendered":"<p style=\"text-align: justify;\"><a href=\"http:\/\/senoticias.com.br\/se\/wp-content\/uploads\/2012\/04\/Pol\u00edcia-Civil-Sergipe.jpg\"><img loading=\"lazy\" decoding=\"async\" class=\"alignright size-full wp-image-29790\" alt=\"Pol\u00edcia Civil Sergipe\" src=\"http:\/\/senoticias.com.br\/se\/wp-content\/uploads\/2012\/04\/Pol\u00edcia-Civil-Sergipe.jpg\" width=\"164\" height=\"215\" \/><\/a>Policiais civis da Delegacia de Umba\u00faba cumpriram tr\u00eas mandados de pris\u00e3o expedidos pela Justi\u00e7a contra Juliano Souza Rom\u00e3o, 32 anos, Joelisson dos Santos, 22, e Adrielio Souza dos Santos, 27. Na \u00faltima sexta-feira, 25, os policiais efetuaram as pris\u00f5es de Juliano, acusado de participar de uma quadrilha de roubo de cargas, e Joelisson acusado pelo crime de furto. J\u00e1 no \u00faltimo domingo, 27, Adrielio foi preso em flagrante acusado pelo crime de tentativa de homic\u00eddio.<\/p>\n<p style=\"text-align: justify;\">De acordo com o delegado Paulo Cristiano, os policiais iniciaram as investiga\u00e7\u00f5es por meio de den\u00fancias an\u00f4nimas, que culminaram nas pris\u00f5es do trio. Juliano Souza foi preso dentro da pr\u00f3pria resid\u00eancia acusado de realizar desvios de cargas na BR-101 entre os munic\u00edpios de Esplanada (Bahia) e Est\u00e2ncia (SE). Cabia a Juliano o papel de convencer os motoristas a vender as cargas desviadas.<\/p>\n<p style=\"text-align: justify;\">Na busca do segundo acusado, os policiais realizaram uma abordagem a Joelisson dos Santos nas imedia\u00e7\u00f5es da BR-101, vindo a prend\u00ea-lo por furto. No momento da pris\u00e3o, o criminoso informou que estava indo visitar o pai, mas acabou recebendo voz de pris\u00e3o. O terceiro preso foi localizado jogando futebol com os amigos na regi\u00e3o. Contra Adrielio pesa a acusa\u00e7\u00e3o de atirar com um rev\u00f3lver calibre 38 contra a pr\u00f3pria esposa, atingindo o peito da v\u00edtima.<\/p>\n<p style=\"text-align: justify;\">Segundo Paulo Cristiano, ainda existe um quarto mandado de pris\u00e3o a ser cumprido contra um indiv\u00edduo muito conhecido na regi\u00e3o. \u201cEste ainda n\u00e3o posso informar o nome devido \u00e0s investiga\u00e7\u00f5es estarem em curso. Sabe-se que ele \u00e9 procurado e muito conhecido no munic\u00edpio, al\u00e9m de sobreviver cometendo crimes na regi\u00e3o\u201d, explicou.<\/p>\n<p>\u00a0<strong>Siga o SE Not\u00edcias pelo <a href=\" https:\/\/twitter.com\/Senoticias\" target=\"_blank\">Twitter<\/a> e curta no <a href=\" https:\/\/www.facebook.com\/PortalSENoticias\" target=\"_blank\">Facebook<\/a><\/strong><\/p>\n<p>Assessoria de Comunica\u00e7\u00e3o<br \/>\nSecretaria da Seguran\u00e7a P\u00fablica<\/p>\n<p>&nbsp;<\/p>\n","protected":false},"excerpt":{"rendered":"<p>Policiais civis da Delegacia de Umba\u00faba cumpriram tr\u00eas mandados de pris\u00e3o expedidos pela Justi\u00e7a contra Juliano Souza Rom\u00e3o, 32 anos, Joelisson dos Santos, 22, e Adrielio Souza dos Santos, 27. Na \u00faltima sexta-feira, 25, os policiais efetuaram as pris\u00f5es de Juliano, acusado de participar de uma quadrilha de roubo de cargas, e Joelisson acusado pelo [&hellip;]<\/p>\n","protected":false},"author":1,"featured_media":29790,"comment_status":"closed","ping_status":"closed","sticky":false,"template":"","format":"standard","meta":{"footnotes":""},"categories":[7],"tags":[],"class_list":{"0":"post-67681","1":"post","2":"type-post","3":"status-publish","4":"format-standard","5":"has-post-thumbnail","7":"category-policia"},"_links":{"self":[{"href":"https:\/\/senoticias.com.br\/se\/wp-json\/wp\/v2\/posts\/67681"}],"collection":[{"href":"https:\/\/senoticias.com.br\/se\/wp-json\/wp\/v2\/posts"}],"about":[{"href":"https:\/\/senoticias.com.br\/se\/wp-json\/wp\/v2\/types\/post"}],"author":[{"embeddable":true,"href":"https:\/\/senoticias.com.br\/se\/wp-json\/wp\/v2\/users\/1"}],"replies":[{"embeddable":true,"href":"https:\/\/senoticias.com.br\/se\/wp-json\/wp\/v2\/comments?post=67681"}],"version-history":[{"count":0,"href":"https:\/\/senoticias.com.br\/se\/wp-json\/wp\/v2\/posts\/67681\/revisions"}],"wp:featuredmedia":[{"embeddable":true,"href":"https:\/\/senoticias.com.br\/se\/wp-json\/wp\/v2\/media\/29790"}],"wp:attachment":[{"href":"https:\/\/senoticias.com.br\/se\/wp-json\/wp\/v2\/media?parent=67681"}],"wp:term":[{"taxonomy":"category","embeddable":true,"href":"https:\/\/senoticias.com.br\/se\/wp-json\/wp\/v2\/categories?post=67681"},{"taxonomy":"post_tag","embeddable":true,"href":"https:\/\/senoticias.com.br\/se\/wp-json\/wp\/v2\/tags?post=67681"}],"curies":[{"name":"wp","href":"https:\/\/api.w.org\/{rel}","templated":true}]}}