{"id":67678,"date":"2014-07-29T07:38:33","date_gmt":"2014-07-29T10:38:33","guid":{"rendered":"http:\/\/senoticias.com.br\/se\/?p=67678"},"modified":"2014-07-30T13:21:26","modified_gmt":"2014-07-30T16:21:26","slug":"empossados-novos-chefes-de-delegacia-da-prf-em-sergipe","status":"publish","type":"post","link":"https:\/\/senoticias.com.br\/se\/empossados-novos-chefes-de-delegacia-da-prf-em-sergipe\/","title":{"rendered":"Empossados novos Chefes de Delegacia da PRF em Sergipe"},"content":{"rendered":"<p style=\"text-align: justify;\">Na Sede Administrativa da PRF em Aracaju (SE), na manh\u00e3 de hoje (28), foram apresentados \u00e0 equipe de gestores da Pol\u00edcia Rodovi\u00e1ria Federal em Sergipe os novos Chefes de Delegacia.<\/p>\n<div id=\"attachment_67679\" style=\"width: 604px\" class=\"wp-caption aligncenter\"><a href=\"http:\/\/senoticias.com.br\/se\/wp-content\/uploads\/2014\/07\/PRF2.jpg\"><img loading=\"lazy\" decoding=\"async\" aria-describedby=\"caption-attachment-67679\" class=\"size-full wp-image-67679\" alt=\"Empossados novos Chefes de Delegacia da PRF em Sergipe.(Divulga\u00e7\u00e3o\/PRF\/SE)\" src=\"http:\/\/senoticias.com.br\/se\/wp-content\/uploads\/2014\/07\/PRF2.jpg\" width=\"594\" height=\"396\" srcset=\"https:\/\/senoticias.com.br\/se\/wp-content\/uploads\/2014\/07\/PRF2.jpg 594w, https:\/\/senoticias.com.br\/se\/wp-content\/uploads\/2014\/07\/PRF2-300x200.jpg 300w, https:\/\/senoticias.com.br\/se\/wp-content\/uploads\/2014\/07\/PRF2-342x228.jpg 342w\" sizes=\"(max-width: 594px) 100vw, 594px\" \/><\/a><p id=\"caption-attachment-67679\" class=\"wp-caption-text\">Empossados novos Chefes de Delegacia da PRF em Sergipe.(Divulga\u00e7\u00e3o\/PRF\/SE)<\/p><\/div>\n<p style=\"text-align: justify;\">A Superintendente Regional, Insp. Denise Lima Oliveira, apresentou a sua equipe o Insp. Marcos Mendon\u00e7a, novo chefe da 1\u00aa Delegacia da PRF sediada em Nossa Senhora do Socorro (SE), e o Inspetor J\u00falio C\u00e9sar Zambon, novo chefe da 2\u00aa Delegacia sediada em S\u00e3o Crist\u00f3v\u00e3o (SE).<\/p>\n<p style=\"text-align: justify;\">Eles ser\u00e3o respons\u00e1veis pelo patrulhamento ostensivo diuturno da malha vi\u00e1ria federal em Sergipe e foram recebidos com congratula\u00e7\u00e3o ao que retribu\u00edram com promessa de trabalho \u00e1rduo para manuten\u00e7\u00e3o dos n\u00edveis de seguran\u00e7a aos cidad\u00e3os(\u00e3s) que transitarem pelas BRs sergipanas. Aos inspetores que deixaram as respectivas fun\u00e7\u00f5es, a Inspetora Denise agradeceu pelo bom servi\u00e7o prestado.<\/p>\n<p><strong>Siga o SE Not\u00edcias pelo <a href=\" https:\/\/twitter.com\/Senoticias\" target=\"_blank\">Twitter<\/a> e curta no <a href=\" https:\/\/www.facebook.com\/PortalSENoticias\" target=\"_blank\">Facebook<\/a><\/strong><\/p>\n<p><strong><em>Informa\u00e7\u00f5es da PRF\/SE<\/em><\/strong><\/p>\n","protected":false},"excerpt":{"rendered":"<p>Na Sede Administrativa da PRF em Aracaju (SE), na manh\u00e3 de hoje (28), foram apresentados \u00e0 equipe de gestores da Pol\u00edcia Rodovi\u00e1ria Federal em Sergipe os novos Chefes de Delegacia. A Superintendente Regional, Insp. Denise Lima Oliveira, apresentou a sua equipe o Insp. Marcos Mendon\u00e7a, novo chefe da 1\u00aa Delegacia da PRF sediada em Nossa [&hellip;]<\/p>\n","protected":false},"author":1,"featured_media":67679,"comment_status":"closed","ping_status":"closed","sticky":false,"template":"","format":"standard","meta":{"footnotes":""},"categories":[7],"tags":[],"class_list":{"0":"post-67678","1":"post","2":"type-post","3":"status-publish","4":"format-standard","5":"has-post-thumbnail","7":"category-policia"},"_links":{"self":[{"href":"https:\/\/senoticias.com.br\/se\/wp-json\/wp\/v2\/posts\/67678"}],"collection":[{"href":"https:\/\/senoticias.com.br\/se\/wp-json\/wp\/v2\/posts"}],"about":[{"href":"https:\/\/senoticias.com.br\/se\/wp-json\/wp\/v2\/types\/post"}],"author":[{"embeddable":true,"href":"https:\/\/senoticias.com.br\/se\/wp-json\/wp\/v2\/users\/1"}],"replies":[{"embeddable":true,"href":"https:\/\/senoticias.com.br\/se\/wp-json\/wp\/v2\/comments?post=67678"}],"version-history":[{"count":0,"href":"https:\/\/senoticias.com.br\/se\/wp-json\/wp\/v2\/posts\/67678\/revisions"}],"wp:featuredmedia":[{"embeddable":true,"href":"https:\/\/senoticias.com.br\/se\/wp-json\/wp\/v2\/media\/67679"}],"wp:attachment":[{"href":"https:\/\/senoticias.com.br\/se\/wp-json\/wp\/v2\/media?parent=67678"}],"wp:term":[{"taxonomy":"category","embeddable":true,"href":"https:\/\/senoticias.com.br\/se\/wp-json\/wp\/v2\/categories?post=67678"},{"taxonomy":"post_tag","embeddable":true,"href":"https:\/\/senoticias.com.br\/se\/wp-json\/wp\/v2\/tags?post=67678"}],"curies":[{"name":"wp","href":"https:\/\/api.w.org\/{rel}","templated":true}]}}