{"id":66197,"date":"2014-06-25T17:15:45","date_gmt":"2014-06-25T20:15:45","guid":{"rendered":"http:\/\/senoticias.com.br\/se\/?p=66197"},"modified":"2014-06-25T17:24:21","modified_gmt":"2014-06-25T20:24:21","slug":"cptran-divulga-balanco-parcial-da-lei-seca-nos-festejos","status":"publish","type":"post","link":"https:\/\/senoticias.com.br\/se\/cptran-divulga-balanco-parcial-da-lei-seca-nos-festejos\/","title":{"rendered":"CPTran divulga balan\u00e7o parcial da Lei Seca nos festejos"},"content":{"rendered":"<div id=\"attachment_66198\" style=\"width: 310px\" class=\"wp-caption alignright\"><a href=\"http:\/\/senoticias.com.br\/se\/wp-content\/uploads\/2014\/06\/grande-blitz_lei_Seca_copa_130620141.jpg\"><img loading=\"lazy\" decoding=\"async\" aria-describedby=\"caption-attachment-66198\" class=\"size-medium wp-image-66198\" alt=\"(Foto: CPRv)\" src=\"http:\/\/senoticias.com.br\/se\/wp-content\/uploads\/2014\/06\/grande-blitz_lei_Seca_copa_130620141-300x199.jpg\" width=\"300\" height=\"199\" srcset=\"https:\/\/senoticias.com.br\/se\/wp-content\/uploads\/2014\/06\/grande-blitz_lei_Seca_copa_130620141-300x199.jpg 300w, https:\/\/senoticias.com.br\/se\/wp-content\/uploads\/2014\/06\/grande-blitz_lei_Seca_copa_130620141-342x227.jpg 342w, https:\/\/senoticias.com.br\/se\/wp-content\/uploads\/2014\/06\/grande-blitz_lei_Seca_copa_130620141.jpg 1000w\" sizes=\"(max-width: 300px) 100vw, 300px\" \/><\/a><p id=\"caption-attachment-66198\" class=\"wp-caption-text\">(Foto: CPRv)<\/p><\/div>\n<p style=\"text-align: justify;\">Foi iniciada no \u00faltimo dia 12 de junho pela Companhia de Policiamento de Tr\u00e2nsito (CPTran) a Opera\u00e7\u00e3o Festejos Juninos. A a\u00e7\u00e3o tem o intuito de coibir a atitude de condutores que insistem em beber e depois dirigir e reduzir os \u00edndices de acidentes de tr\u00e2nsito, visando principalmente os festejos alusivos ao S\u00e3o Jo\u00e3o e \u00e0 Copa do Mundo.<\/p>\n<p style=\"text-align: justify;\">Na capital sergipana, as blitzes da Lei Seca t\u00eam se concentrado nas proximidades do Forr\u00f3 Caju, no Centro. Em cada opera\u00e7\u00e3o tem sido escalado um efetivo m\u00e9dio de dez policiais militares, com o apoio de quatro carros e duas motocicletas.<\/p>\n<p style=\"text-align: justify;\">No per\u00edodo de 12 a 24 de junho foram registrados 249 autos de infra\u00e7\u00e3o. Desse total, 17 condutores foram enquadrados na Lei Seca, sendo aplicadas quatro medidas administrativas e 13 pris\u00f5es em flagrante. Tamb\u00e9m foram recolhidas 33 CNHs e 61 CRLVs. Al\u00e9m disso, 73 ve\u00edculos foram removidos ao p\u00e1tio do Detran, localizado no bairro Santa Maria, por apresentarem irregularidades diversas, a exemplo de licenciamento atrasado e lacre de placa violado. No mesmo per\u00edodo do ano passado, 23 condutores foram autuados por embriaguez, destes, 18 foram presos.<\/p>\n<p style=\"text-align: justify;\">Somente na noite do S\u00e3o Jo\u00e3o, dia 24, foram registrados 47 autos de infra\u00e7\u00e3o. Dois condutores foram presos por ultrapassar o limite de \u00e1lcool por litro de ar expelido dos pulm\u00f5es &#8211; 0,40 e 0,42mg\/l. Cinco CNHs e sete CRLVs foram recolhidos e 13 ve\u00edculos foram levados ao p\u00e1tio da autarquia.<\/p>\n<p style=\"text-align: justify;\">De acordo com a Ten. Fab\u00edola Goes, chefe do setor de fiscaliza\u00e7\u00e3o, controle e triagem da CPTran, o objetivo da opera\u00e7\u00e3o este ano \u00e9 evitar os excessos decorrentes das comemora\u00e7\u00f5es dos jogos da Copa do Mundo e alertar sobre os perigos da combina\u00e7\u00e3o entre \u00e1lcool e dire\u00e7\u00e3o.<\/p>\n<p style=\"text-align: justify;\">\u201cNos grandes eventos, o intuito da CPTran \u00e9 realmente fazer com que a popula\u00e7\u00e3o se sinta no dever de cumprir a legisla\u00e7\u00e3o de tr\u00e2nsito, sempre com o prop\u00f3sito de salvar vidas. \u00c9 importante alertar tamb\u00e9m que os locais das blitzes n\u00e3o s\u00e3o fixos. Nas pr\u00f3ximas opera\u00e7\u00f5es, n\u00f3s poderemos escolher outras localidades para dar continuidade as nossas a\u00e7\u00f5es\u201d, destaca a Ten. Fab\u00edola.<\/p>\n<p style=\"text-align: justify;\"><em>Fonte: CPRv\u00a0<\/em><\/p>\n<p style=\"text-align: justify;\"><strong>Siga o SE Not\u00edcias pelo <a href=\"https:\/\/twitter.com\/Senoticias\" target=\"_blank\">Twitter <\/a>e curta pelo <a href=\"https:\/\/www.facebook.com\/PortalSENoticias?ref=hl&amp;ref_type=bookmark\" target=\"_blank\">Facebook\u00a0<\/a><\/strong><\/p>\n","protected":false},"excerpt":{"rendered":"<p>Foi iniciada no \u00faltimo dia 12 de junho pela Companhia de Policiamento de Tr\u00e2nsito (CPTran) a Opera\u00e7\u00e3o Festejos Juninos. A a\u00e7\u00e3o tem o intuito de coibir a atitude de condutores que insistem em beber e depois dirigir e reduzir os \u00edndices de acidentes de tr\u00e2nsito, visando principalmente os festejos alusivos ao S\u00e3o Jo\u00e3o e \u00e0 [&hellip;]<\/p>\n","protected":false},"author":1,"featured_media":66198,"comment_status":"closed","ping_status":"closed","sticky":false,"template":"","format":"standard","meta":{"footnotes":""},"categories":[7],"tags":[],"class_list":{"0":"post-66197","1":"post","2":"type-post","3":"status-publish","4":"format-standard","5":"has-post-thumbnail","7":"category-policia"},"_links":{"self":[{"href":"https:\/\/senoticias.com.br\/se\/wp-json\/wp\/v2\/posts\/66197"}],"collection":[{"href":"https:\/\/senoticias.com.br\/se\/wp-json\/wp\/v2\/posts"}],"about":[{"href":"https:\/\/senoticias.com.br\/se\/wp-json\/wp\/v2\/types\/post"}],"author":[{"embeddable":true,"href":"https:\/\/senoticias.com.br\/se\/wp-json\/wp\/v2\/users\/1"}],"replies":[{"embeddable":true,"href":"https:\/\/senoticias.com.br\/se\/wp-json\/wp\/v2\/comments?post=66197"}],"version-history":[{"count":0,"href":"https:\/\/senoticias.com.br\/se\/wp-json\/wp\/v2\/posts\/66197\/revisions"}],"wp:featuredmedia":[{"embeddable":true,"href":"https:\/\/senoticias.com.br\/se\/wp-json\/wp\/v2\/media\/66198"}],"wp:attachment":[{"href":"https:\/\/senoticias.com.br\/se\/wp-json\/wp\/v2\/media?parent=66197"}],"wp:term":[{"taxonomy":"category","embeddable":true,"href":"https:\/\/senoticias.com.br\/se\/wp-json\/wp\/v2\/categories?post=66197"},{"taxonomy":"post_tag","embeddable":true,"href":"https:\/\/senoticias.com.br\/se\/wp-json\/wp\/v2\/tags?post=66197"}],"curies":[{"name":"wp","href":"https:\/\/api.w.org\/{rel}","templated":true}]}}