{"id":66193,"date":"2014-06-25T17:03:23","date_gmt":"2014-06-25T20:03:23","guid":{"rendered":"http:\/\/senoticias.com.br\/se\/?p=66193"},"modified":"2014-06-26T17:44:30","modified_gmt":"2014-06-26T20:44:30","slug":"apos-ter-direito-de-resposta-negado-mst-invade-xodo-fm-em-nossa-senhora-da-gloria","status":"publish","type":"post","link":"https:\/\/senoticias.com.br\/se\/apos-ter-direito-de-resposta-negado-mst-invade-xodo-fm-em-nossa-senhora-da-gloria\/","title":{"rendered":"Ap\u00f3s ter direito de resposta negado, MST invade Xod\u00f3 FM em Nossa Senhora da Gl\u00f3ria"},"content":{"rendered":"<p style=\"text-align: justify;\">\n<p style=\"text-align: justify;\">No final da manh\u00e3 desta quarta-feira (25), representantes do Movimento Sem Terra (MST) de v\u00e1rios assentamentos da regi\u00e3o do sert\u00e3o sergipano invadiram a Xod\u00f3 FM \u00a0da cidade de Nossa Senhora da Gl\u00f3ria, distante 113 Km de Aracaju.\u00a0A invas\u00e3o ocorreu durante a apresenta\u00e7\u00e3o do programa Jornal da Xod\u00f3 2\u00ba Edi\u00e7\u00e3o.<\/p>\n<div id=\"attachment_66194\" style=\"width: 606px\" class=\"wp-caption aligncenter\"><a href=\"http:\/\/senoticias.com.br\/se\/wp-content\/uploads\/2014\/06\/IMG-20140625-WA0004.jpg\"><img loading=\"lazy\" decoding=\"async\" aria-describedby=\"caption-attachment-66194\" class=\"size-full wp-image-66194\" alt=\"Apresentador teria se recusado a dar a palavra para os manifestantes, e isso geral a revolta dos mesmos que invadiram os est\u00fadios da R\u00e1dio. (Foto: Mais Gl\u00f3ria)\" src=\"http:\/\/senoticias.com.br\/se\/wp-content\/uploads\/2014\/06\/IMG-20140625-WA0004.jpg\" width=\"596\" height=\"447\" srcset=\"https:\/\/senoticias.com.br\/se\/wp-content\/uploads\/2014\/06\/IMG-20140625-WA0004.jpg 596w, https:\/\/senoticias.com.br\/se\/wp-content\/uploads\/2014\/06\/IMG-20140625-WA0004-300x225.jpg 300w, https:\/\/senoticias.com.br\/se\/wp-content\/uploads\/2014\/06\/IMG-20140625-WA0004-342x256.jpg 342w, https:\/\/senoticias.com.br\/se\/wp-content\/uploads\/2014\/06\/IMG-20140625-WA0004-60x45.jpg 60w, https:\/\/senoticias.com.br\/se\/wp-content\/uploads\/2014\/06\/IMG-20140625-WA0004-150x113.jpg 150w, https:\/\/senoticias.com.br\/se\/wp-content\/uploads\/2014\/06\/IMG-20140625-WA0004-269x201.jpg 269w\" sizes=\"(max-width: 596px) 100vw, 596px\" \/><\/a><p id=\"caption-attachment-66194\" class=\"wp-caption-text\">Apresentador teria se recusado a dar a palavra para os manifestantes, e isso geral a revolta dos mesmos que invadiram os est\u00fadios da R\u00e1dio. (Foto: Mais Gl\u00f3ria)<\/p><\/div>\n<p style=\"text-align: justify;\">\n<p style=\"text-align: justify;\">Segundo informa\u00e7\u00f5es o protesto foi motivado pelo posicionamento do apresentador do Jornal da Xod\u00f3 (Anselmo Tavares) contra o MST e seus l\u00edderes.<\/p>\n<p style=\"text-align: justify;\">Enquanto o protesto acontecia, Anselmo apresentava o programa normalmente e n\u00e3o tinha falado sobre a manifesta\u00e7\u00e3o, logo depois o apresentador recusou de dar a palavra para os manifestantes, e isso geral a revolta dos mesmos que invadiram os est\u00fadios da R\u00e1dio.<\/p>\n<div id=\"attachment_66195\" style=\"width: 602px\" class=\"wp-caption aligncenter\"><a href=\"http:\/\/senoticias.com.br\/se\/wp-content\/uploads\/2014\/06\/IMG-20140625-WA0007.jpg\"><img loading=\"lazy\" decoding=\"async\" aria-describedby=\"caption-attachment-66195\" class=\"size-full wp-image-66195\" alt=\"Militantes do MST invadem os Est\u00fadios da Xod\u00f3 FM em Gl\u00f3ria. (Foto: Masi Gl\u00f3ria)\" src=\"http:\/\/senoticias.com.br\/se\/wp-content\/uploads\/2014\/06\/IMG-20140625-WA0007.jpg\" width=\"592\" height=\"444\" srcset=\"https:\/\/senoticias.com.br\/se\/wp-content\/uploads\/2014\/06\/IMG-20140625-WA0007.jpg 592w, https:\/\/senoticias.com.br\/se\/wp-content\/uploads\/2014\/06\/IMG-20140625-WA0007-300x225.jpg 300w, https:\/\/senoticias.com.br\/se\/wp-content\/uploads\/2014\/06\/IMG-20140625-WA0007-342x256.jpg 342w, https:\/\/senoticias.com.br\/se\/wp-content\/uploads\/2014\/06\/IMG-20140625-WA0007-60x45.jpg 60w, https:\/\/senoticias.com.br\/se\/wp-content\/uploads\/2014\/06\/IMG-20140625-WA0007-150x113.jpg 150w, https:\/\/senoticias.com.br\/se\/wp-content\/uploads\/2014\/06\/IMG-20140625-WA0007-269x201.jpg 269w\" sizes=\"(max-width: 592px) 100vw, 592px\" \/><\/a><p id=\"caption-attachment-66195\" class=\"wp-caption-text\">Militantes do MST invadem os Est\u00fadios da Xod\u00f3 FM em Gl\u00f3ria. (Foto: Masi Gl\u00f3ria)<\/p><\/div>\n<p style=\"text-align: justify;\">A Xod\u00f3 FM concedeu o direito de resposta para os militantes que deixaram sua indigna\u00e7\u00e3o pela forma que o programa estava sendo dirigido e deixaram avisado que outras manifesta\u00e7\u00f5es poder\u00e3o acontecer novamente se o direito de resposta for negado.<\/p>\n<p><strong>Siga o SE Not\u00edcias pelo <a href=\" https:\/\/twitter.com\/Senoticias\" target=\"_blank\">Twitter <\/a>e curta no <a href=\" https:\/\/www.facebook.com\/PortalSENoticias\" target=\"_blank\">Facebook<\/a><\/strong><\/p>\n<p style=\"text-align: justify;\"><em><strong>Com informa\u00e7\u00f5es do G1SE e Mais Gl\u00f3ria<\/strong><\/em><\/p>\n","protected":false},"excerpt":{"rendered":"<p>No final da manh\u00e3 desta quarta-feira (25), representantes do Movimento Sem Terra (MST) de v\u00e1rios assentamentos da regi\u00e3o do sert\u00e3o sergipano invadiram a Xod\u00f3 FM \u00a0da cidade de Nossa Senhora da Gl\u00f3ria, distante 113 Km de Aracaju.\u00a0A invas\u00e3o ocorreu durante a apresenta\u00e7\u00e3o do programa Jornal da Xod\u00f3 2\u00ba Edi\u00e7\u00e3o. Segundo informa\u00e7\u00f5es o protesto foi motivado [&hellip;]<\/p>\n","protected":false},"author":3,"featured_media":66194,"comment_status":"closed","ping_status":"closed","sticky":false,"template":"","format":"standard","meta":{"footnotes":""},"categories":[310,6],"tags":[],"class_list":{"0":"post-66193","1":"post","2":"type-post","3":"status-publish","4":"format-standard","5":"has-post-thumbnail","7":"category-destaques-da-semana","8":"category-politica"},"_links":{"self":[{"href":"https:\/\/senoticias.com.br\/se\/wp-json\/wp\/v2\/posts\/66193"}],"collection":[{"href":"https:\/\/senoticias.com.br\/se\/wp-json\/wp\/v2\/posts"}],"about":[{"href":"https:\/\/senoticias.com.br\/se\/wp-json\/wp\/v2\/types\/post"}],"author":[{"embeddable":true,"href":"https:\/\/senoticias.com.br\/se\/wp-json\/wp\/v2\/users\/3"}],"replies":[{"embeddable":true,"href":"https:\/\/senoticias.com.br\/se\/wp-json\/wp\/v2\/comments?post=66193"}],"version-history":[{"count":0,"href":"https:\/\/senoticias.com.br\/se\/wp-json\/wp\/v2\/posts\/66193\/revisions"}],"wp:featuredmedia":[{"embeddable":true,"href":"https:\/\/senoticias.com.br\/se\/wp-json\/wp\/v2\/media\/66194"}],"wp:attachment":[{"href":"https:\/\/senoticias.com.br\/se\/wp-json\/wp\/v2\/media?parent=66193"}],"wp:term":[{"taxonomy":"category","embeddable":true,"href":"https:\/\/senoticias.com.br\/se\/wp-json\/wp\/v2\/categories?post=66193"},{"taxonomy":"post_tag","embeddable":true,"href":"https:\/\/senoticias.com.br\/se\/wp-json\/wp\/v2\/tags?post=66193"}],"curies":[{"name":"wp","href":"https:\/\/api.w.org\/{rel}","templated":true}]}}