{"id":66190,"date":"2014-06-25T16:37:49","date_gmt":"2014-06-25T19:37:49","guid":{"rendered":"http:\/\/senoticias.com.br\/se\/?p=66190"},"modified":"2014-06-26T14:24:02","modified_gmt":"2014-06-26T17:24:02","slug":"funcionario-da-banda-calcinha-preta-morre-em-acidente-de-carro","status":"publish","type":"post","link":"https:\/\/senoticias.com.br\/se\/funcionario-da-banda-calcinha-preta-morre-em-acidente-de-carro\/","title":{"rendered":"Funcion\u00e1rio da banda Calcinha Preta morre em acidente de carro"},"content":{"rendered":"<p style=\"text-align: justify;\"><em><strong>Fredson Navarro, do G1 SE<\/strong><\/em><\/p>\n<p style=\"text-align: justify;\">O designer da banda Calcinha Preta, Wesley Cristian, de 18 anos, morreu na madrugada desta quarta-feira (25) no Hospital de Urg\u00eancia de Sergipe, em Aracaju. Ele chegou ao hospital em uma UTI m\u00f3vel na noite da ter\u00e7a-feira (24) ap\u00f3s sofrer um acidente de tr\u00e2nsito em Alagoinhas, na Bahia.<\/p>\n<div id=\"attachment_66191\" style=\"width: 605px\" class=\"wp-caption aligncenter\"><a href=\"http:\/\/senoticias.com.br\/se\/wp-content\/uploads\/2014\/06\/paulinha.jpg\"><img loading=\"lazy\" decoding=\"async\" aria-describedby=\"caption-attachment-66191\" class=\"size-full wp-image-66191\" alt=\"Paulinha lamentou a morte de Wesley nas redes sociais (Foto: Arquivo Pessoal)\" src=\"http:\/\/senoticias.com.br\/se\/wp-content\/uploads\/2014\/06\/paulinha.jpg\" width=\"595\" height=\"446\" srcset=\"https:\/\/senoticias.com.br\/se\/wp-content\/uploads\/2014\/06\/paulinha.jpg 595w, https:\/\/senoticias.com.br\/se\/wp-content\/uploads\/2014\/06\/paulinha-300x224.jpg 300w, https:\/\/senoticias.com.br\/se\/wp-content\/uploads\/2014\/06\/paulinha-342x256.jpg 342w, https:\/\/senoticias.com.br\/se\/wp-content\/uploads\/2014\/06\/paulinha-60x45.jpg 60w, https:\/\/senoticias.com.br\/se\/wp-content\/uploads\/2014\/06\/paulinha-150x113.jpg 150w, https:\/\/senoticias.com.br\/se\/wp-content\/uploads\/2014\/06\/paulinha-269x201.jpg 269w\" sizes=\"(max-width: 595px) 100vw, 595px\" \/><\/a><p id=\"caption-attachment-66191\" class=\"wp-caption-text\">Paulinha lamentou a morte de Wesley nas redes sociais (Foto: Arquivo Pessoal)<\/p><\/div>\n<p style=\"text-align: justify;\">De acordo com o empres\u00e1rio da banda, J\u00falio Viana, Wesley estava de folga se divertindo com amigos na Bahia e na segunda-feira (23) sofreu um acidente de carro na entrada do munic\u00edpio.<\/p>\n<p style=\"text-align: justify;\">\u201cEle estava com um amigo ca\u00edram em uma ribanceira ap\u00f3s o condutor tentar desviar de animais que estavam na pista. O amigo dele que usava cinto de seguran\u00e7a n\u00e3o sofreu nada. Ele teve traumatismo craniano, hemorragia interna e fraturou o f\u00eamur\u201d, disse.<\/p>\n<p style=\"text-align: justify;\">O jovem foi levado para o Hospital Regional de Alagoinhas e na noite de ter\u00e7a-feira foi transferido em uma UTI m\u00f3vel para Aracaju. \u201cA banda se esfor\u00e7ou para oferecer a ele um atendimento melhor e conseguiu a UTI neste hor\u00e1rio. O hospital que ele estava n\u00e3o tinha estrutura\u201d, explica Viana.<\/p>\n<p>Mas Wesley j\u00e1 apresentava morte cerebral e morreu.<\/p>\n<p style=\"text-align: justify;\">O corpo dele foi transferido na tarde de hoje para Pernambuco, estado dos seus familiares e o corpo ser\u00e1 sepultado amanh\u00e3.<\/p>\n<p style=\"text-align: justify;\">Os cantores da banda postaram fotos com Wesley e lamentaram a morte. &#8220;Deus \u00e9 conosco, at\u00e9 o dia&#8221;, disse Paulinha Abelha.<\/p>\n<p><strong>Siga o SE Not\u00edcias pelo <a href=\" https:\/\/twitter.com\/Senoticias\" target=\"_blank\">Twitter<\/a> e curta no <a href=\" https:\/\/www.facebook.com\/PortalSENoticias\" target=\"_blank\">Facebook<\/a><\/strong><\/p>\n","protected":false},"excerpt":{"rendered":"<p>Fredson Navarro, do G1 SE O designer da banda Calcinha Preta, Wesley Cristian, de 18 anos, morreu na madrugada desta quarta-feira (25) no Hospital de Urg\u00eancia de Sergipe, em Aracaju. Ele chegou ao hospital em uma UTI m\u00f3vel na noite da ter\u00e7a-feira (24) ap\u00f3s sofrer um acidente de tr\u00e2nsito em Alagoinhas, na Bahia. De acordo [&hellip;]<\/p>\n","protected":false},"author":3,"featured_media":66191,"comment_status":"closed","ping_status":"closed","sticky":false,"template":"","format":"standard","meta":{"footnotes":""},"categories":[310,43],"tags":[],"class_list":{"0":"post-66190","1":"post","2":"type-post","3":"status-publish","4":"format-standard","5":"has-post-thumbnail","7":"category-destaques-da-semana","8":"category-voce-reporter"},"_links":{"self":[{"href":"https:\/\/senoticias.com.br\/se\/wp-json\/wp\/v2\/posts\/66190"}],"collection":[{"href":"https:\/\/senoticias.com.br\/se\/wp-json\/wp\/v2\/posts"}],"about":[{"href":"https:\/\/senoticias.com.br\/se\/wp-json\/wp\/v2\/types\/post"}],"author":[{"embeddable":true,"href":"https:\/\/senoticias.com.br\/se\/wp-json\/wp\/v2\/users\/3"}],"replies":[{"embeddable":true,"href":"https:\/\/senoticias.com.br\/se\/wp-json\/wp\/v2\/comments?post=66190"}],"version-history":[{"count":0,"href":"https:\/\/senoticias.com.br\/se\/wp-json\/wp\/v2\/posts\/66190\/revisions"}],"wp:featuredmedia":[{"embeddable":true,"href":"https:\/\/senoticias.com.br\/se\/wp-json\/wp\/v2\/media\/66191"}],"wp:attachment":[{"href":"https:\/\/senoticias.com.br\/se\/wp-json\/wp\/v2\/media?parent=66190"}],"wp:term":[{"taxonomy":"category","embeddable":true,"href":"https:\/\/senoticias.com.br\/se\/wp-json\/wp\/v2\/categories?post=66190"},{"taxonomy":"post_tag","embeddable":true,"href":"https:\/\/senoticias.com.br\/se\/wp-json\/wp\/v2\/tags?post=66190"}],"curies":[{"name":"wp","href":"https:\/\/api.w.org\/{rel}","templated":true}]}}