{"id":66183,"date":"2014-06-25T15:37:03","date_gmt":"2014-06-25T18:37:03","guid":{"rendered":"http:\/\/senoticias.com.br\/se\/?p=66183"},"modified":"2014-06-25T15:38:15","modified_gmt":"2014-06-25T18:38:15","slug":"governador-autoriza-convocacao-de-651-candidatos-aprovados-no-concurso-da-policia-militar","status":"publish","type":"post","link":"https:\/\/senoticias.com.br\/se\/governador-autoriza-convocacao-de-651-candidatos-aprovados-no-concurso-da-policia-militar\/","title":{"rendered":"Governador autoriza convoca\u00e7\u00e3o de 651 candidatos aprovados no concurso da Pol\u00edcia Militar"},"content":{"rendered":"<div id=\"attachment_66184\" style=\"width: 310px\" class=\"wp-caption alignright\"><a href=\"http:\/\/senoticias.com.br\/se\/wp-content\/uploads\/2014\/06\/image2.jpeg\"><img loading=\"lazy\" decoding=\"async\" aria-describedby=\"caption-attachment-66184\" class=\"size-medium wp-image-66184\" alt=\"Governador autoriza convoca\u00e7\u00e3o de 651 candidatos aprovados. (ASN)\" src=\"http:\/\/senoticias.com.br\/se\/wp-content\/uploads\/2014\/06\/image2-300x204.jpeg\" width=\"300\" height=\"204\" srcset=\"https:\/\/senoticias.com.br\/se\/wp-content\/uploads\/2014\/06\/image2-300x204.jpeg 300w, https:\/\/senoticias.com.br\/se\/wp-content\/uploads\/2014\/06\/image2-342x232.jpeg 342w, https:\/\/senoticias.com.br\/se\/wp-content\/uploads\/2014\/06\/image2.jpeg 600w\" sizes=\"(max-width: 300px) 100vw, 300px\" \/><\/a><p id=\"caption-attachment-66184\" class=\"wp-caption-text\">Governador autoriza convoca\u00e7\u00e3o de 651 candidatos aprovados. (ASN)<\/p><\/div>\n<p style=\"text-align: justify;\">No in\u00edcio da tarde desta quarta-feira, 25, o governador Jackson Barreto recebeu o resultado final do concurso da Pol\u00edcia Militar e autorizou a convoca\u00e7\u00e3o de 651 candidatos aprovados no certame. A estimativa \u00e9 que, a partir da convoca\u00e7\u00e3o imediata, o curso de forma\u00e7\u00e3o seja iniciado j\u00e1 no pr\u00f3ximo dia 14 de julho. O resultado final do concurso ser\u00e1 publicado no Di\u00e1rio Oficial desta quinta-feira, 26.<\/p>\n<p style=\"text-align: justify;\">De acordo com o governador, a convoca\u00e7\u00e3o dos candidatos para o in\u00edcio do curso de forma\u00e7\u00e3o representa a perspectiva de refor\u00e7ar o efetivo da Pol\u00edcia Militar o quanto antes. \u201cEstes novos alunos j\u00e1 poder\u00e3o ser empregados, em est\u00e1gio supervisionado, a partir do m\u00eas de setembro, refor\u00e7ando o efetivo em diversas companhias e unidades que atuam em diversos munic\u00edpios sergipanos. Isso refor\u00e7a o nosso intuito de oferecer seguran\u00e7a, atendendo \u00e0s demandas da popula\u00e7\u00e3o\u201d, refor\u00e7ou Jackson Barreto.<\/p>\n<p style=\"text-align: justify;\">Ainda conforme o chefe do Executivo, a determina\u00e7\u00e3o \u00e9 de que os alunos se integrem \u00e0 estrat\u00e9gia definida no programa Sergipe Mais Seguro privilegiando as 12 localidades do estado com maior incid\u00eancia da criminalidade, dentro dos objetivos do programa Brasil Mais Seguro.<\/p>\n<p style=\"text-align: justify;\">\u201cEsta \u00e9 mais uma a\u00e7\u00e3o concreta que comprova o empenho do governo no refor\u00e7o \u00e0s a\u00e7\u00f5es de seguran\u00e7a, buscando oferecer resultados para garantir a tranquilidade das fam\u00edlias sergipanas. Por isso, vamos refor\u00e7ar as a\u00e7\u00f5es, j\u00e1 com os alunos estagiando nos 12 munic\u00edpios definidos como priorit\u00e1rios nesse programa\u201d, complementou o governador, ao sinalizar que o intuito da atual administra\u00e7\u00e3o \u00e9 o de promover, ainda no m\u00eas dezembro, a convoca\u00e7\u00e3o de mais cerca de 600 candidatos, perfazendo 1200 novos policiais em 2015.<\/p>\n<p style=\"text-align: justify;\"><b>Grande Conquista<br \/>\n<\/b><br \/>\nSegundo o comandante da Pol\u00edcia Militar, coronel Maur\u00edcio Iunes, essa a\u00e7\u00e3o representa uma grande conquista para a popula\u00e7\u00e3o sergipana. \u201cEssa \u00e9 uma grande conquista para todo o povo sergipano. Estamos convocando 651 candidatos considerando que houve algumas a\u00e7\u00f5es judiciais e, para que n\u00e3o haja preju\u00edzo na convoca\u00e7\u00e3o nem atraso no in\u00edcio do curso, se decidiu pela convoca\u00e7\u00e3o imediata deste n\u00famero de candidatos. Ganha a popula\u00e7\u00e3o, ganha a Policia Militar, podendo iniciar o curso de forma\u00e7\u00e3o j\u00e1 em 14 de julho\u201d.<\/p>\n<p style=\"text-align: justify;\">Outra inova\u00e7\u00e3o importante, de acordo com o comandante, \u00e9 que os alunos passar\u00e3o pelo curso de forma\u00e7\u00e3o em per\u00edodo integral, com aulas pela manh\u00e3 e tarde. \u201cDiferentemente de anos anteriores, onde as aulas ocorriam em apenas um per\u00edodo, n\u00f3s iremos implementar a pol\u00edtica de forma\u00e7\u00e3o em dois per\u00edodos para que a popula\u00e7\u00e3o possa ter esse efetivo o mais breve per\u00edodo nas atividades. Durante essa forma\u00e7\u00e3o, os alunos j\u00e1 estar\u00e3o realizando est\u00e1gios supervisionados, se qualificando para as a\u00e7\u00f5es de seguran\u00e7a p\u00fablica\u201d, informou o coronel Iunes.<\/p>\n<p style=\"text-align: justify;\">Participaram do ato com o governador, o secret\u00e1rio de Estado da Casa Civil, Jos\u00e9 Sobral, o coronel PM Paulo, respons\u00e1vel pela 3\u00aa Sess\u00e3o da PM (que \u00e9 a que tem a atribui\u00e7\u00e3o de promover os cursos de forma\u00e7\u00e3o), o coronel Luiz Fernando, chefe do Gabinete Militar do Governo do Estado, e o tenente-coronel PM Paiva, assessor de comunica\u00e7\u00e3o da Pol\u00edcia Militar.<\/p>\n<p><strong>Siga o SE Not\u00edcias pelo <a href=\" https:\/\/twitter.com\/Senoticias\" target=\"_blank\">Twitter<\/a> e curta no <a href=\" https:\/\/www.facebook.com\/PortalSENoticias\" target=\"_blank\">Facebook<\/a><\/strong><\/p>\n<p style=\"text-align: justify;\"><strong>Secretaria de Estado da Comunica\u00e7\u00e3o Social\u00a0<\/strong><br \/>\n<strong>Governo de Sergipe\u00a0<\/strong><\/p>\n","protected":false},"excerpt":{"rendered":"<p>No in\u00edcio da tarde desta quarta-feira, 25, o governador Jackson Barreto recebeu o resultado final do concurso da Pol\u00edcia Militar e autorizou a convoca\u00e7\u00e3o de 651 candidatos aprovados no certame. A estimativa \u00e9 que, a partir da convoca\u00e7\u00e3o imediata, o curso de forma\u00e7\u00e3o seja iniciado j\u00e1 no pr\u00f3ximo dia 14 de julho. O resultado final [&hellip;]<\/p>\n","protected":false},"author":1,"featured_media":66184,"comment_status":"closed","ping_status":"closed","sticky":false,"template":"","format":"standard","meta":{"footnotes":""},"categories":[6],"tags":[],"class_list":{"0":"post-66183","1":"post","2":"type-post","3":"status-publish","4":"format-standard","5":"has-post-thumbnail","7":"category-politica"},"_links":{"self":[{"href":"https:\/\/senoticias.com.br\/se\/wp-json\/wp\/v2\/posts\/66183"}],"collection":[{"href":"https:\/\/senoticias.com.br\/se\/wp-json\/wp\/v2\/posts"}],"about":[{"href":"https:\/\/senoticias.com.br\/se\/wp-json\/wp\/v2\/types\/post"}],"author":[{"embeddable":true,"href":"https:\/\/senoticias.com.br\/se\/wp-json\/wp\/v2\/users\/1"}],"replies":[{"embeddable":true,"href":"https:\/\/senoticias.com.br\/se\/wp-json\/wp\/v2\/comments?post=66183"}],"version-history":[{"count":0,"href":"https:\/\/senoticias.com.br\/se\/wp-json\/wp\/v2\/posts\/66183\/revisions"}],"wp:featuredmedia":[{"embeddable":true,"href":"https:\/\/senoticias.com.br\/se\/wp-json\/wp\/v2\/media\/66184"}],"wp:attachment":[{"href":"https:\/\/senoticias.com.br\/se\/wp-json\/wp\/v2\/media?parent=66183"}],"wp:term":[{"taxonomy":"category","embeddable":true,"href":"https:\/\/senoticias.com.br\/se\/wp-json\/wp\/v2\/categories?post=66183"},{"taxonomy":"post_tag","embeddable":true,"href":"https:\/\/senoticias.com.br\/se\/wp-json\/wp\/v2\/tags?post=66183"}],"curies":[{"name":"wp","href":"https:\/\/api.w.org\/{rel}","templated":true}]}}