{"id":66181,"date":"2014-06-25T15:05:29","date_gmt":"2014-06-25T18:05:29","guid":{"rendered":"http:\/\/senoticias.com.br\/se\/?p=66181"},"modified":"2014-06-25T15:05:29","modified_gmt":"2014-06-25T18:05:29","slug":"copa-do-mundo-grupos-e-e-f-definem-vagas-nesta-quarta","status":"publish","type":"post","link":"https:\/\/senoticias.com.br\/se\/copa-do-mundo-grupos-e-e-f-definem-vagas-nesta-quarta\/","title":{"rendered":"Copa do Mundo: grupos E e F definem vagas nesta quarta"},"content":{"rendered":"<div id=\"attachment_65759\" style=\"width: 310px\" class=\"wp-caption alignright\"><a href=\"http:\/\/senoticias.com.br\/se\/wp-content\/uploads\/2014\/06\/116620147449.jpg\"><img loading=\"lazy\" decoding=\"async\" aria-describedby=\"caption-attachment-65759\" class=\"size-medium wp-image-65759\" alt=\"Os primeiros jogos acontecem \u00e0s 13h e os demais \u00e0s 17h. (Foto: Reprodu\u00e7\u00e3o)\" src=\"http:\/\/senoticias.com.br\/se\/wp-content\/uploads\/2014\/06\/116620147449-300x225.jpg\" width=\"300\" height=\"225\" srcset=\"https:\/\/senoticias.com.br\/se\/wp-content\/uploads\/2014\/06\/116620147449-300x225.jpg 300w, https:\/\/senoticias.com.br\/se\/wp-content\/uploads\/2014\/06\/116620147449-342x256.jpg 342w, https:\/\/senoticias.com.br\/se\/wp-content\/uploads\/2014\/06\/116620147449-60x45.jpg 60w, https:\/\/senoticias.com.br\/se\/wp-content\/uploads\/2014\/06\/116620147449-150x113.jpg 150w, https:\/\/senoticias.com.br\/se\/wp-content\/uploads\/2014\/06\/116620147449-269x201.jpg 269w, https:\/\/senoticias.com.br\/se\/wp-content\/uploads\/2014\/06\/116620147449.jpg 640w\" sizes=\"(max-width: 300px) 100vw, 300px\" \/><\/a><p id=\"caption-attachment-65759\" class=\"wp-caption-text\">Os primeiros jogos acontecem \u00e0s 13h e os demais \u00e0s 17h. (Foto: Reprodu\u00e7\u00e3o)<\/p><\/div>\n<p style=\"text-align: justify;\">A \u00faltima rodada da primeira fase do Mundial continua hoje, confirmando classifica\u00e7\u00f5es e mandando sele\u00e7\u00f5es para casa. No Grupo E, a sele\u00e7\u00e3o equatoriana tenta repetir o feito de 2006, quando chegou \u00e0s oitavas de final, em sua melhor participa\u00e7\u00e3o em copas. Mas, para isso, ter\u00e1 que vencer a j\u00e1 classificada sele\u00e7\u00e3o francesa no Maracan\u00e3, \u00e0s 17h (hor\u00e1rio de Bras\u00edlia). Um empate tamb\u00e9m pode servir aos sul-americanos, desde que Honduras ven\u00e7a a Su\u00ed\u00e7a no outro jogo desta quarta-feira.<\/p>\n<p style=\"text-align: justify;\">A tarefa dos hondurenhos, no entanto, n\u00e3o \u00e9 f\u00e1cil. Apesar de ainda terem remotas chances de classifica\u00e7\u00e3o, precisam golear a Su\u00ed\u00e7a em Manaus, tamb\u00e9m \u00e0s 17h, e torcer por uma vit\u00f3ria da Fran\u00e7a. Por causa da goleada de 5 a 2 sofrida contra a Fran\u00e7a na \u00faltima rodada, os su\u00ed\u00e7os ter\u00e3o que fazer muitos gols e melhorar o saldo, por enquanto negativo, para n\u00e3o depender de uma derrota do Equador, com quem est\u00e3o empatados em pontos.<\/p>\n<p style=\"text-align: justify;\">Pelo Grupo F, a Argentina enfrenta a Nig\u00e9ria \u00e0s 13h (hor\u00e1rio de Bras\u00edlia), em Porto Alegre. A Argentina j\u00e1 est\u00e1 classificada, mas ainda deve uma boa apresenta\u00e7\u00e3o \u00e0 sua torcida. Se n\u00e3o fosse por momentos de brilhantismo de Lionel Messi, os argentinos estariam com a calculadora na m\u00e3o nessa rodada. Os africanos, com tr\u00eas pontos, precisam apenas de um empate para chegar \u00e0s oitavas. A \u00faltima vez que conseguiram passar a essa fase foi em 1998, na Fran\u00e7a.<\/p>\n<p style=\"text-align: justify;\">No outro jogo do grupo, B\u00f3snia e Ir\u00e3 se enfrentam em Salvador, tamb\u00e9m \u00e0s 13h. Enquanto os b\u00f3snios se despedem hoje da Copa, sem chance de classifica\u00e7\u00e3o, os iranianos jogam precisando da vit\u00f3ria e torcendo por uma derrota da Nig\u00e9ria, para que consigam super\u00e1-la no saldo de gols. As fracas atua\u00e7\u00f5es dos dois pa\u00edses ser\u00e3o um teste de fogo para a boa fama da Fonte Nova, palco de partidas repletas de gols nesta Copa. Os b\u00f3snios s\u00f3 marcaram uma vez na competi\u00e7\u00e3o e o Ir\u00e3 ainda n\u00e3o sabe o que \u00e9 comemorar gol em terras brasileiras.<\/p>\n<p style=\"text-align: justify;\"><em>Fonte: Ag\u00eancia Brasil\u00a0<\/em><\/p>\n<p style=\"text-align: justify;\"><strong>Siga o SE Not\u00edcias pelo <a href=\"https:\/\/twitter.com\/Senoticias\" target=\"_blank\">Twitter<\/a> e curta pelo <a href=\"https:\/\/www.facebook.com\/PortalSENoticias?ref=hl&amp;ref_type=bookmark\" target=\"_blank\">Facebook\u00a0<\/a><\/strong><\/p>\n","protected":false},"excerpt":{"rendered":"<p>A \u00faltima rodada da primeira fase do Mundial continua hoje, confirmando classifica\u00e7\u00f5es e mandando sele\u00e7\u00f5es para casa. No Grupo E, a sele\u00e7\u00e3o equatoriana tenta repetir o feito de 2006, quando chegou \u00e0s oitavas de final, em sua melhor participa\u00e7\u00e3o em copas. Mas, para isso, ter\u00e1 que vencer a j\u00e1 classificada sele\u00e7\u00e3o francesa no Maracan\u00e3, \u00e0s [&hellip;]<\/p>\n","protected":false},"author":1,"featured_media":65759,"comment_status":"closed","ping_status":"closed","sticky":false,"template":"","format":"standard","meta":{"footnotes":""},"categories":[39],"tags":[],"class_list":{"0":"post-66181","1":"post","2":"type-post","3":"status-publish","4":"format-standard","5":"has-post-thumbnail","7":"category-esporte"},"_links":{"self":[{"href":"https:\/\/senoticias.com.br\/se\/wp-json\/wp\/v2\/posts\/66181"}],"collection":[{"href":"https:\/\/senoticias.com.br\/se\/wp-json\/wp\/v2\/posts"}],"about":[{"href":"https:\/\/senoticias.com.br\/se\/wp-json\/wp\/v2\/types\/post"}],"author":[{"embeddable":true,"href":"https:\/\/senoticias.com.br\/se\/wp-json\/wp\/v2\/users\/1"}],"replies":[{"embeddable":true,"href":"https:\/\/senoticias.com.br\/se\/wp-json\/wp\/v2\/comments?post=66181"}],"version-history":[{"count":0,"href":"https:\/\/senoticias.com.br\/se\/wp-json\/wp\/v2\/posts\/66181\/revisions"}],"wp:featuredmedia":[{"embeddable":true,"href":"https:\/\/senoticias.com.br\/se\/wp-json\/wp\/v2\/media\/65759"}],"wp:attachment":[{"href":"https:\/\/senoticias.com.br\/se\/wp-json\/wp\/v2\/media?parent=66181"}],"wp:term":[{"taxonomy":"category","embeddable":true,"href":"https:\/\/senoticias.com.br\/se\/wp-json\/wp\/v2\/categories?post=66181"},{"taxonomy":"post_tag","embeddable":true,"href":"https:\/\/senoticias.com.br\/se\/wp-json\/wp\/v2\/tags?post=66181"}],"curies":[{"name":"wp","href":"https:\/\/api.w.org\/{rel}","templated":true}]}}