{"id":66175,"date":"2014-06-25T14:50:19","date_gmt":"2014-06-25T17:50:19","guid":{"rendered":"http:\/\/senoticias.com.br\/se\/?p=66175"},"modified":"2014-06-25T14:50:19","modified_gmt":"2014-06-25T17:50:19","slug":"confira-a-lista-com-a-classificacao-final-do-concurso-do-ifs","status":"publish","type":"post","link":"https:\/\/senoticias.com.br\/se\/confira-a-lista-com-a-classificacao-final-do-concurso-do-ifs\/","title":{"rendered":"Confira a lista com a classifica\u00e7\u00e3o final do concurso do IFS"},"content":{"rendered":"<div id=\"attachment_53375\" style=\"width: 310px\" class=\"wp-caption alignright\"><a href=\"http:\/\/senoticias.com.br\/se\/wp-content\/uploads\/2013\/10\/grande-IFS_281220111.jpg\"><img loading=\"lazy\" decoding=\"async\" aria-describedby=\"caption-attachment-53375\" class=\"size-medium wp-image-53375\" alt=\"No total foram de 184 vagas de t\u00e9cnico administrativo no (IFS) distribu\u00eddos em vagas de n\u00edvel superior e fundamental. (Foto: Divulga\u00e7\u00e3o)\" src=\"http:\/\/senoticias.com.br\/se\/wp-content\/uploads\/2013\/10\/grande-IFS_281220111-300x199.jpg\" width=\"300\" height=\"199\" srcset=\"https:\/\/senoticias.com.br\/se\/wp-content\/uploads\/2013\/10\/grande-IFS_281220111-300x199.jpg 300w, https:\/\/senoticias.com.br\/se\/wp-content\/uploads\/2013\/10\/grande-IFS_281220111-342x227.jpg 342w, https:\/\/senoticias.com.br\/se\/wp-content\/uploads\/2013\/10\/grande-IFS_281220111.jpg 500w\" sizes=\"(max-width: 300px) 100vw, 300px\" \/><\/a><p id=\"caption-attachment-53375\" class=\"wp-caption-text\">No total foram de 184 vagas de t\u00e9cnico administrativo no (IFS). (Foto: Divulga\u00e7\u00e3o)<\/p><\/div>\n<p style=\"text-align: justify;\">A institui\u00e7\u00e3o respons\u00e1vel pelo concurso do Instituto Federal de Sergipe (IFS), a Funda\u00e7\u00e3o Dom Cintra, divulgou nessa ter\u00e7a-feira (24) a lista dos classificados no concurso. No total foram de 184 vagas de t\u00e9cnico administrativo no (IFS) distribu\u00eddos em vagas de n\u00edvel superior e fundamental. As provas foram realizadas no dia 1\u00ba de junho.<\/p>\n<p><strong><a href=\"https:\/\/secure.domcintra.org.br\/sistema\/portal\/\" target=\"_blank\">Confira a lista dos aprovados<\/a>\u00a0<\/strong><\/p>\n<p style=\"text-align: justify;\"><em>Com informa\u00e7\u00f5es do A8SE\u00a0<\/em><\/p>\n<p style=\"text-align: justify;\"><strong>Siga o SE Not\u00edcias pelo <a href=\"https:\/\/twitter.com\/Senoticias\" target=\"_blank\">Twitter<\/a> e curta pelo <a href=\"https:\/\/www.facebook.com\/PortalSENoticias?ref=hl&amp;ref_type=bookmark\" target=\"_blank\">Facebook\u00a0<\/a><\/strong><\/p>\n","protected":false},"excerpt":{"rendered":"<p>A institui\u00e7\u00e3o respons\u00e1vel pelo concurso do Instituto Federal de Sergipe (IFS), a Funda\u00e7\u00e3o Dom Cintra, divulgou nessa ter\u00e7a-feira (24) a lista dos classificados no concurso. No total foram de 184 vagas de t\u00e9cnico administrativo no (IFS) distribu\u00eddos em vagas de n\u00edvel superior e fundamental. As provas foram realizadas no dia 1\u00ba de junho. Confira a [&hellip;]<\/p>\n","protected":false},"author":1,"featured_media":53375,"comment_status":"closed","ping_status":"closed","sticky":false,"template":"","format":"standard","meta":{"footnotes":""},"categories":[44],"tags":[],"class_list":{"0":"post-66175","1":"post","2":"type-post","3":"status-publish","4":"format-standard","5":"has-post-thumbnail","7":"category-educacao"},"_links":{"self":[{"href":"https:\/\/senoticias.com.br\/se\/wp-json\/wp\/v2\/posts\/66175"}],"collection":[{"href":"https:\/\/senoticias.com.br\/se\/wp-json\/wp\/v2\/posts"}],"about":[{"href":"https:\/\/senoticias.com.br\/se\/wp-json\/wp\/v2\/types\/post"}],"author":[{"embeddable":true,"href":"https:\/\/senoticias.com.br\/se\/wp-json\/wp\/v2\/users\/1"}],"replies":[{"embeddable":true,"href":"https:\/\/senoticias.com.br\/se\/wp-json\/wp\/v2\/comments?post=66175"}],"version-history":[{"count":0,"href":"https:\/\/senoticias.com.br\/se\/wp-json\/wp\/v2\/posts\/66175\/revisions"}],"wp:featuredmedia":[{"embeddable":true,"href":"https:\/\/senoticias.com.br\/se\/wp-json\/wp\/v2\/media\/53375"}],"wp:attachment":[{"href":"https:\/\/senoticias.com.br\/se\/wp-json\/wp\/v2\/media?parent=66175"}],"wp:term":[{"taxonomy":"category","embeddable":true,"href":"https:\/\/senoticias.com.br\/se\/wp-json\/wp\/v2\/categories?post=66175"},{"taxonomy":"post_tag","embeddable":true,"href":"https:\/\/senoticias.com.br\/se\/wp-json\/wp\/v2\/tags?post=66175"}],"curies":[{"name":"wp","href":"https:\/\/api.w.org\/{rel}","templated":true}]}}