{"id":66172,"date":"2014-06-25T14:45:37","date_gmt":"2014-06-25T17:45:37","guid":{"rendered":"http:\/\/senoticias.com.br\/se\/?p=66172"},"modified":"2014-06-25T14:45:37","modified_gmt":"2014-06-25T17:45:37","slug":"pacientes-seguem-com-sessoes-de-radioterapia-em-salvador","status":"publish","type":"post","link":"https:\/\/senoticias.com.br\/se\/pacientes-seguem-com-sessoes-de-radioterapia-em-salvador\/","title":{"rendered":"Pacientes seguem com sess\u00f5es de Radioterapia em Salvador"},"content":{"rendered":"<div id=\"attachment_66173\" style=\"width: 310px\" class=\"wp-caption alignright\"><a href=\"http:\/\/senoticias.com.br\/se\/wp-content\/uploads\/2014\/06\/grande-radioterapia3d-salvador25062014.jpg\"><img loading=\"lazy\" decoding=\"async\" aria-describedby=\"caption-attachment-66173\" class=\"size-medium wp-image-66173\" alt=\"(Foto: Ascom SES)\" src=\"http:\/\/senoticias.com.br\/se\/wp-content\/uploads\/2014\/06\/grande-radioterapia3d-salvador25062014-300x199.jpg\" width=\"300\" height=\"199\" srcset=\"https:\/\/senoticias.com.br\/se\/wp-content\/uploads\/2014\/06\/grande-radioterapia3d-salvador25062014-300x199.jpg 300w, https:\/\/senoticias.com.br\/se\/wp-content\/uploads\/2014\/06\/grande-radioterapia3d-salvador25062014-342x227.jpg 342w, https:\/\/senoticias.com.br\/se\/wp-content\/uploads\/2014\/06\/grande-radioterapia3d-salvador25062014.jpg 1000w\" sizes=\"(max-width: 300px) 100vw, 300px\" \/><\/a><p id=\"caption-attachment-66173\" class=\"wp-caption-text\">(Foto: Ascom SES)<\/p><\/div>\n<p style=\"text-align: justify;\">Com o objetivo de zerar a fila de espera dos pacientes oncol\u00f3gicos que aguardam a realiza\u00e7\u00e3o do procedimento de Radioterapia 3D, o Governo do Estado j\u00e1 encaminhou 43 pacientes sergipanos para tratamento em Salvador e j\u00e1 prepara um novo grupo. O procedimento \u00e9 resultado de um contrato assinado entre a Secretaria de Estado da Sa\u00fade (SES) e a Oncocl\u00ednicas, da capital baiana.<\/p>\n<p style=\"text-align: justify;\">Muitos pacientes que iniciaram o tratamento em maio j\u00e1 est\u00e3o pr\u00f3ximos da finaliza\u00e7\u00e3o das sess\u00f5es de Radioterapia 3D e, consequentemente, da volta para as suas casas. Alguns j\u00e1 retornaram. A senhora Josefa da Silva Ara\u00fajo realizou o tratamento em Salvador e estava ansiosa pelo retorno.<\/p>\n<p style=\"text-align: justify;\">\u201cTenho certeza que voltarei curada. Valeu muito a pena fazer esse tratamento aqui em Salvador porque, al\u00e9m de n\u00e3o ter que esperar muito tempo pelo procedimento, fiquei mais pr\u00f3xima de casa. Eu j\u00e1 conhecia um pouquinho a cidade e isso facilitou o deslocamento e a escolha do local onde fiquei nesse per\u00edodo\u201d, disse a paciente, que est\u00e1 acompanhada da irm\u00e3, Maria I\u00eada da Silva Oliveira.<\/p>\n<p style=\"text-align: justify;\">Para Adriana Brazil Teles, que vai encerrar as sess\u00f5es no dia 26 de junho, a expectativa para o resultado final do tratamento s\u00e3o as melhores. \u201cTodos os dias quando os pacientes sergipanos se encontram no hospital, n\u00e3o h\u00e1 espa\u00e7o para tristeza e, dessa forma, um d\u00e1 for\u00e7a para o outro. A proximidade com Aracaju possibilitou que meu marido, familiares e amigos estivessem sempre presentes aqui, o que me ajudou muito. Essa fase do tratamento tem tudo para dar certo, como as outras deram, pois descobri o c\u00e2ncer ainda no in\u00edcio\u201d, disse.<\/p>\n<p style=\"text-align: justify;\">\u201cEstou ansiosa para terminar minhas sess\u00f5es e voltar para casa. Espero que essa seja a \u00faltima fase do tratamento para eu retomar \u00e0 minha rotina normalmente, sem complica\u00e7\u00f5es\u201d, disse Camila Cristina Melo, 26 anos.<\/p>\n<p style=\"text-align: justify;\">Para que os pacientes possam fazer a Radioterapia 3D em Salvador, eles passam por uma avalia\u00e7\u00e3o e exames m\u00e9dicos para saber se est\u00e3o aptos para o tratamento. Quando aprovados na avalia\u00e7\u00e3o e ap\u00f3s a decis\u00e3o positiva dos pr\u00f3prios pacientes e familiares em sair do Estado, eles recebem o transporte e a ajuda de custo da SES para se manter em Salvador, atrav\u00e9s do Tratamento Fora do Domic\u00edlio (TFD).<\/p>\n<p style=\"text-align: justify;\">\u201cO custeio do tratamento de Radioterapia 3D, o transporte e a ajuda de custo que os pacientes e os acompanhantes recebem s\u00e3o recursos na ordem de R$ 2,3 milh\u00f5es, viabilizados pelo Governo do Estado junto ao Minist\u00e9rio da Sa\u00fade\u201d, disse H\u00e9lio Farias, diretor de Gest\u00e3o de Sistema da SES.<\/p>\n<p style=\"text-align: justify;\">Al\u00e9m dos pacientes que foram para a capital da Bahia, a SES j\u00e1 come\u00e7ou a buscar novos pacientes da fila de espera para encaminh\u00e1-los ao tratamento. \u201cNessa primeira etapa avaliamos 60 pacientes e 43 foram fazer as sess\u00f5es de Radioterapia 3D. J\u00e1 iniciamos o chamamento de mais pacientes. Primeiro, esclarecemos com detalhes como funciona o tratamento fora do Estado. Se eles aceitarem fazer a Radioterapia 3D em Salvador, v\u00e3o para a fase de avalia\u00e7\u00e3o\u201d, explicou Cl\u00f3vis Fran\u00e7a, coordenador do Sistema Interfederativo de Garantia de Acesso Universal (SIGAU).<\/p>\n<p style=\"text-align: justify;\">De acordo com a secret\u00e1ria de Estado da Sa\u00fade, Jo\u00e9lia Silva Santos, o contrato com a Oncocl\u00ednicas veio para dar celeridade \u00e0 fila e garantir a assist\u00eancia dos pacientes.<\/p>\n<p style=\"text-align: justify;\">\u201cO contrato com a Oncocl\u00ednicas foi uma solu\u00e7\u00e3o encontrada pelo Governo do Estado para assistir os pacientes at\u00e9 que o outro equipamento adquirido pelo Minist\u00e9rio da Sa\u00fade, atrav\u00e9s do programa de Expans\u00e3o da Radioterapia, seja instalado no Hospital de Urg\u00eancias de Sergipe\u201d, explicou Jo\u00e9lia Silva Santos.<\/p>\n<p style=\"text-align: justify;\">Segundo a gestora, outra importante medida para fortalecer assist\u00eancia aos pacientes oncol\u00f3gicos de Sergipe j\u00e1 est\u00e1 em andamento. \u201cO Governo do Estado j\u00e1 deu in\u00edcio \u00e0s obras do Hospital Especializado em C\u00e2ncer Governador Marcelo D\u00e9da Chagas. Em fase terraplanagem do terreno, a execu\u00e7\u00e3o da obra vem cumprindo todas as etapas previstas no cronograma\u201d, destacou a gestora.<\/p>\n<p style=\"text-align: justify;\">O Hospital Especializado em C\u00e2ncer ter\u00e1 com 120 leitos para adultos, 30 leitos para pacientes infantis, al\u00e9m de 10 leitos de UTI para adulto e 10 leitos de UTI infantil. Tr\u00eas andares ser\u00e3o destinados a internamento, sendo dois para adultos e um para crian\u00e7as com brinquedoteca e espa\u00e7o l\u00fadico. Os pacientes adultos ainda contar\u00e3o com 43 leitos para aplica\u00e7\u00e3o de quimioterapia e as crian\u00e7as com 24. O Centro de Imagens da unidade ter\u00e1 dois aceleradores lineares, dois tom\u00f3grafos, dois Raios-X, um eletrocardiograma, dois aparelhos de ultrassonografia, cintilografia, mam\u00f3grafo digital, resson\u00e2ncia magn\u00e9tica, gama c\u00e2mara, pet scan, entre outros modernos equipamentos. O hospital tamb\u00e9m ter\u00e1 um centro cir\u00fargico com seis salas, fisioterapia, enfermaria de emerg\u00eancia, ag\u00eancia transfusional, laborat\u00f3rio, consult\u00f3rios para emerg\u00eancia, farm\u00e1cia, audit\u00f3rio de ensino e pesquisa, lavanderia, almoxarifados pr\u00f3prios e cozinha.<\/p>\n<p style=\"text-align: justify;\"><em>Fonte: Ascom SES\u00a0<\/em><\/p>\n<p style=\"text-align: justify;\"><strong>Siga o SE Not\u00edcias pelo <a href=\"https:\/\/twitter.com\/Senoticias\" target=\"_blank\">Twitter <\/a>e curta pelo <a href=\"https:\/\/www.facebook.com\/PortalSENoticias?ref=hl&amp;ref_type=bookmark\" target=\"_blank\">Facebook\u00a0<\/a><\/strong><\/p>\n","protected":false},"excerpt":{"rendered":"<p>Com o objetivo de zerar a fila de espera dos pacientes oncol\u00f3gicos que aguardam a realiza\u00e7\u00e3o do procedimento de Radioterapia 3D, o Governo do Estado j\u00e1 encaminhou 43 pacientes sergipanos para tratamento em Salvador e j\u00e1 prepara um novo grupo. O procedimento \u00e9 resultado de um contrato assinado entre a Secretaria de Estado da Sa\u00fade [&hellip;]<\/p>\n","protected":false},"author":1,"featured_media":66173,"comment_status":"closed","ping_status":"closed","sticky":false,"template":"","format":"standard","meta":{"footnotes":""},"categories":[20],"tags":[],"class_list":{"0":"post-66172","1":"post","2":"type-post","3":"status-publish","4":"format-standard","5":"has-post-thumbnail","7":"category-saude"},"_links":{"self":[{"href":"https:\/\/senoticias.com.br\/se\/wp-json\/wp\/v2\/posts\/66172"}],"collection":[{"href":"https:\/\/senoticias.com.br\/se\/wp-json\/wp\/v2\/posts"}],"about":[{"href":"https:\/\/senoticias.com.br\/se\/wp-json\/wp\/v2\/types\/post"}],"author":[{"embeddable":true,"href":"https:\/\/senoticias.com.br\/se\/wp-json\/wp\/v2\/users\/1"}],"replies":[{"embeddable":true,"href":"https:\/\/senoticias.com.br\/se\/wp-json\/wp\/v2\/comments?post=66172"}],"version-history":[{"count":0,"href":"https:\/\/senoticias.com.br\/se\/wp-json\/wp\/v2\/posts\/66172\/revisions"}],"wp:featuredmedia":[{"embeddable":true,"href":"https:\/\/senoticias.com.br\/se\/wp-json\/wp\/v2\/media\/66173"}],"wp:attachment":[{"href":"https:\/\/senoticias.com.br\/se\/wp-json\/wp\/v2\/media?parent=66172"}],"wp:term":[{"taxonomy":"category","embeddable":true,"href":"https:\/\/senoticias.com.br\/se\/wp-json\/wp\/v2\/categories?post=66172"},{"taxonomy":"post_tag","embeddable":true,"href":"https:\/\/senoticias.com.br\/se\/wp-json\/wp\/v2\/tags?post=66172"}],"curies":[{"name":"wp","href":"https:\/\/api.w.org\/{rel}","templated":true}]}}