{"id":66170,"date":"2014-06-25T14:39:02","date_gmt":"2014-06-25T17:39:02","guid":{"rendered":"http:\/\/senoticias.com.br\/se\/?p=66170"},"modified":"2014-06-25T14:40:19","modified_gmt":"2014-06-25T17:40:19","slug":"prf-registra-oito-acidentes-e-tres-mortes-durante-operacao-de-sao-joao","status":"publish","type":"post","link":"https:\/\/senoticias.com.br\/se\/prf-registra-oito-acidentes-e-tres-mortes-durante-operacao-de-sao-joao\/","title":{"rendered":"PRF registra oito acidentes e tr\u00eas mortes durante opera\u00e7\u00e3o de S\u00e3o Jo\u00e3o"},"content":{"rendered":"<div id=\"attachment_40357\" style=\"width: 284px\" class=\"wp-caption alignright\"><a href=\"http:\/\/senoticias.com.br\/se\/wp-content\/uploads\/2012\/10\/PRF.jpg\"><img loading=\"lazy\" decoding=\"async\" aria-describedby=\"caption-attachment-40357\" class=\"size-full wp-image-40357\" alt=\"(Foto:Divulga\u00e7\u00e3o\/ilustrativa)\" src=\"http:\/\/senoticias.com.br\/se\/wp-content\/uploads\/2012\/10\/PRF.jpg\" width=\"274\" height=\"184\" \/><\/a><p id=\"caption-attachment-40357\" class=\"wp-caption-text\">(Foto:Divulga\u00e7\u00e3o\/ilustrativa)<\/p><\/div>\n<p style=\"text-align: justify;\">Desde a \u00faltima segunda-feira (23), a Pol\u00edcia Rodovi\u00e1ria Federal em Sergipe (PRF\/SE) registrou 8 acidentes nas BRs sob sua circunscri\u00e7\u00e3o, nos quais 5 pessoas ficaram feridas e 3 pessoas vieram a \u00f3bito.<\/p>\n<p style=\"text-align: justify;\">Os agentes federais fiscalizaram 277 ve\u00edculos, dos quais 6 foram recolhidos aos p\u00e1tios da PRF. Tamb\u00e9m apreenderam 6 CNHs, extra\u00edram 124 notifica\u00e7\u00f5es de tr\u00e2nsito e 20 notifica\u00e7\u00f5es por irregularidades no transporte de produtos perigosos. Foram detidas ainda 5 pessoas.<\/p>\n<p style=\"text-align: justify;\">Mesmo sabendo da proibi\u00e7\u00e3o de dirigir sob efeito de bebidas alco\u00f3licas e do rigor da nova lei seca, alguns condutores continuam arriscando as suas vidas e a de outras pessoas nas rodovias federais em Sergipe. Os testes de alcoolemia realizados desde a \u00faltima segunda-feira (23) resultaram em 9 condutores autuados, dos quais 3 foram detidos (teores de 0,72; 0,89; e 0,92 mg\/l).<\/p>\n<p style=\"text-align: justify;\">De acordo com a lei 12.760\/12 (nova lei seca), quem for flagrado dirigindo embriagado: comete uma infra\u00e7\u00e3o grav\u00edssima; tem a CNH recolhida e suspensa por doze meses; o ve\u00edculo fica retido at\u00e9 que um condutor habilitado e s\u00f3brio se apresente para a retirada; paga multa no valor de R$ 1.915,40 e ainda, poder\u00e1 responder por crime de tr\u00e2nsito. Em caso de reincid\u00eancia nos \u00faltimos doze meses, o valor da multa \u00e9 dobrado (R$ 3.830,80).<\/p>\n<p style=\"text-align: justify;\"><em>Fonte: PRF\u00a0<\/em><\/p>\n<p style=\"text-align: justify;\"><strong>Siga o SE Not\u00edcias pelo <a href=\"https:\/\/twitter.com\/Senoticias\" target=\"_blank\">Twitter <\/a>e curta pelo <a href=\"https:\/\/www.facebook.com\/PortalSENoticias?ref=hl&amp;ref_type=bookmark\" target=\"_blank\">Facebook\u00a0<\/a><\/strong><\/p>\n","protected":false},"excerpt":{"rendered":"<p>Desde a \u00faltima segunda-feira (23), a Pol\u00edcia Rodovi\u00e1ria Federal em Sergipe (PRF\/SE) registrou 8 acidentes nas BRs sob sua circunscri\u00e7\u00e3o, nos quais 5 pessoas ficaram feridas e 3 pessoas vieram a \u00f3bito. Os agentes federais fiscalizaram 277 ve\u00edculos, dos quais 6 foram recolhidos aos p\u00e1tios da PRF. Tamb\u00e9m apreenderam 6 CNHs, extra\u00edram 124 notifica\u00e7\u00f5es de [&hellip;]<\/p>\n","protected":false},"author":1,"featured_media":40357,"comment_status":"closed","ping_status":"closed","sticky":false,"template":"","format":"standard","meta":{"footnotes":""},"categories":[7],"tags":[],"class_list":{"0":"post-66170","1":"post","2":"type-post","3":"status-publish","4":"format-standard","5":"has-post-thumbnail","7":"category-policia"},"_links":{"self":[{"href":"https:\/\/senoticias.com.br\/se\/wp-json\/wp\/v2\/posts\/66170"}],"collection":[{"href":"https:\/\/senoticias.com.br\/se\/wp-json\/wp\/v2\/posts"}],"about":[{"href":"https:\/\/senoticias.com.br\/se\/wp-json\/wp\/v2\/types\/post"}],"author":[{"embeddable":true,"href":"https:\/\/senoticias.com.br\/se\/wp-json\/wp\/v2\/users\/1"}],"replies":[{"embeddable":true,"href":"https:\/\/senoticias.com.br\/se\/wp-json\/wp\/v2\/comments?post=66170"}],"version-history":[{"count":0,"href":"https:\/\/senoticias.com.br\/se\/wp-json\/wp\/v2\/posts\/66170\/revisions"}],"wp:featuredmedia":[{"embeddable":true,"href":"https:\/\/senoticias.com.br\/se\/wp-json\/wp\/v2\/media\/40357"}],"wp:attachment":[{"href":"https:\/\/senoticias.com.br\/se\/wp-json\/wp\/v2\/media?parent=66170"}],"wp:term":[{"taxonomy":"category","embeddable":true,"href":"https:\/\/senoticias.com.br\/se\/wp-json\/wp\/v2\/categories?post=66170"},{"taxonomy":"post_tag","embeddable":true,"href":"https:\/\/senoticias.com.br\/se\/wp-json\/wp\/v2\/tags?post=66170"}],"curies":[{"name":"wp","href":"https:\/\/api.w.org\/{rel}","templated":true}]}}