{"id":66164,"date":"2014-06-25T13:40:10","date_gmt":"2014-06-25T16:40:10","guid":{"rendered":"http:\/\/senoticias.com.br\/se\/?p=66164"},"modified":"2014-06-25T13:40:10","modified_gmt":"2014-06-25T16:40:10","slug":"tiroteio-durante-show-de-banda-de-pagode-deixa-um-morto-e-dez-feridos-na-bahia","status":"publish","type":"post","link":"https:\/\/senoticias.com.br\/se\/tiroteio-durante-show-de-banda-de-pagode-deixa-um-morto-e-dez-feridos-na-bahia\/","title":{"rendered":"Tiroteio durante show de banda de pagode deixa um morto e dez feridos na Bahia"},"content":{"rendered":"<div id=\"attachment_66165\" style=\"width: 310px\" class=\"wp-caption alignright\"><a href=\"http:\/\/senoticias.com.br\/se\/wp-content\/uploads\/2014\/06\/Igor-Kannario.jpg\"><img loading=\"lazy\" decoding=\"async\" aria-describedby=\"caption-attachment-66165\" class=\"size-full wp-image-66165\" alt=\"Tiroteio durante show de Igor Kann\u00e1rio deixou um morto e dez feridos.(Divulga\u00e7\u00e3o)\" src=\"http:\/\/senoticias.com.br\/se\/wp-content\/uploads\/2014\/06\/Igor-Kannario.jpg\" width=\"300\" height=\"225\" srcset=\"https:\/\/senoticias.com.br\/se\/wp-content\/uploads\/2014\/06\/Igor-Kannario.jpg 300w, https:\/\/senoticias.com.br\/se\/wp-content\/uploads\/2014\/06\/Igor-Kannario-60x45.jpg 60w, https:\/\/senoticias.com.br\/se\/wp-content\/uploads\/2014\/06\/Igor-Kannario-150x113.jpg 150w, https:\/\/senoticias.com.br\/se\/wp-content\/uploads\/2014\/06\/Igor-Kannario-269x201.jpg 269w\" sizes=\"(max-width: 300px) 100vw, 300px\" \/><\/a><p id=\"caption-attachment-66165\" class=\"wp-caption-text\">Tiroteio durante show de Igor Kann\u00e1rio deixou um morto e dez feridos.(Divulga\u00e7\u00e3o)<\/p><\/div>\n<p style=\"text-align: justify;\">Uma mulher morreu e outras dez pessoas ficaram feridas em um tiroteio na noite desta ter\u00e7a-feira (24) em S\u00e3o Francisco do Conde, Regi\u00e3o Metropolitana de Salvador, segundo o 4\u00ba Pelot\u00e3o de Pol\u00edcia Militar.<\/p>\n<p style=\"text-align: justify;\">O crime aconteceu durante a passagem de um trio comandado por Igor Kann\u00e1rio, ex-A Bronkka &#8211; o cantor est\u00e1 na cidade para o Arrai\u00e1 do Chico.<\/p>\n<p style=\"text-align: justify;\">Segundo a PM, a suspeita \u00e9 que houve uma troca de tiros entre gangues rivais. No tumulto, pessoas viram um homem n\u00e3o identificado sacar uma arma e come\u00e7ar a atirar, causando p\u00e2nico.<\/p>\n<p style=\"text-align: justify;\">O crime aconteceu por volta das 19h. Na troca de tiros, Joelma de Freitas Bispo, 35 anos, foi baleada. Ela e outros dez feridos foram socorridos inicialmente no Hospital Municipal de S\u00e3o Francisco do Conde. Joelma n\u00e3o resistiu aos ferimentos e morreu. Posteriormente outras tr\u00eas pessoas foram transferidas para Salvador.<\/p>\n<p style=\"text-align: justify;\">Vanussi Ribeiro Brito, 40 anos, e uma adolescente de 16 anos foram encaminhados para o Hospital Geral do Estado. Dener de Jesus Amaral, 20 anos, tamb\u00e9m foi baleado no abd\u00f4men e foi levado para Hospital do Sub\u00farbio.<\/p>\n<p>Mesmo com a confus\u00e3o e os tiros, a festa continuou normalmente com alto fluxo de pessoas circulando entre os dois palcos montados.<\/p>\n<p><strong>Siga o SE Not\u00edcias pelo <a href=\" https:\/\/twitter.com\/Senoticias\" target=\"_blank\">Twitter<\/a> e curta no <a href=\" https:\/\/www.facebook.com\/PortalSENoticias\" target=\"_blank\">Facebook<\/a><\/strong><\/p>\n<p><strong><em>Informa\u00e7\u00f5es do Correio da Bahia<\/em><\/strong><\/p>\n","protected":false},"excerpt":{"rendered":"<p>Uma mulher morreu e outras dez pessoas ficaram feridas em um tiroteio na noite desta ter\u00e7a-feira (24) em S\u00e3o Francisco do Conde, Regi\u00e3o Metropolitana de Salvador, segundo o 4\u00ba Pelot\u00e3o de Pol\u00edcia Militar. O crime aconteceu durante a passagem de um trio comandado por Igor Kann\u00e1rio, ex-A Bronkka &#8211; o cantor est\u00e1 na cidade para [&hellip;]<\/p>\n","protected":false},"author":1,"featured_media":66165,"comment_status":"closed","ping_status":"closed","sticky":false,"template":"","format":"standard","meta":{"footnotes":""},"categories":[310],"tags":[],"class_list":{"0":"post-66164","1":"post","2":"type-post","3":"status-publish","4":"format-standard","5":"has-post-thumbnail","7":"category-destaques-da-semana"},"_links":{"self":[{"href":"https:\/\/senoticias.com.br\/se\/wp-json\/wp\/v2\/posts\/66164"}],"collection":[{"href":"https:\/\/senoticias.com.br\/se\/wp-json\/wp\/v2\/posts"}],"about":[{"href":"https:\/\/senoticias.com.br\/se\/wp-json\/wp\/v2\/types\/post"}],"author":[{"embeddable":true,"href":"https:\/\/senoticias.com.br\/se\/wp-json\/wp\/v2\/users\/1"}],"replies":[{"embeddable":true,"href":"https:\/\/senoticias.com.br\/se\/wp-json\/wp\/v2\/comments?post=66164"}],"version-history":[{"count":0,"href":"https:\/\/senoticias.com.br\/se\/wp-json\/wp\/v2\/posts\/66164\/revisions"}],"wp:featuredmedia":[{"embeddable":true,"href":"https:\/\/senoticias.com.br\/se\/wp-json\/wp\/v2\/media\/66165"}],"wp:attachment":[{"href":"https:\/\/senoticias.com.br\/se\/wp-json\/wp\/v2\/media?parent=66164"}],"wp:term":[{"taxonomy":"category","embeddable":true,"href":"https:\/\/senoticias.com.br\/se\/wp-json\/wp\/v2\/categories?post=66164"},{"taxonomy":"post_tag","embeddable":true,"href":"https:\/\/senoticias.com.br\/se\/wp-json\/wp\/v2\/tags?post=66164"}],"curies":[{"name":"wp","href":"https:\/\/api.w.org\/{rel}","templated":true}]}}