{"id":66161,"date":"2014-06-25T13:23:19","date_gmt":"2014-06-25T16:23:19","guid":{"rendered":"http:\/\/senoticias.com.br\/se\/?p=66161"},"modified":"2014-06-26T10:36:45","modified_gmt":"2014-06-26T13:36:45","slug":"atacante-brasileiro-naturalizado-espanhol-aproveita-ferias-em-lagarto-sua-cidade-natal","status":"publish","type":"post","link":"https:\/\/senoticias.com.br\/se\/atacante-brasileiro-naturalizado-espanhol-aproveita-ferias-em-lagarto-sua-cidade-natal\/","title":{"rendered":"Atacante brasileiro naturalizado espanhol aproveita f\u00e9rias em Lagarto"},"content":{"rendered":"<p style=\"text-align: justify;\"><strong><em>por Lagartense.com<\/em><\/strong><\/p>\n<p style=\"text-align: justify;\">A primeira experi\u00eancia de Diego Costa na Copa do Mundo n\u00e3o foi boa. Com sua equipe eliminada na primeira fase, o atacante brasileiro naturalizado espanhol voltou mais cedo do que o previsto para Lagarto, cidade do interior sergipano. O desembarque no aeroporto Santa Maria aconteceu nesta ter\u00e7a-feira.<\/p>\n<div id=\"attachment_66162\" style=\"width: 560px\" class=\"wp-caption aligncenter\"><a href=\"http:\/\/senoticias.com.br\/se\/wp-content\/uploads\/2014\/06\/Diego.jpg\"><img loading=\"lazy\" decoding=\"async\" aria-describedby=\"caption-attachment-66162\" class=\"size-full wp-image-66162\" alt=\"Diego desembarcou em Sergipe na \u00faltima ter\u00e7a e veio direto para sua terra natal.. (Lagartense)\" src=\"http:\/\/senoticias.com.br\/se\/wp-content\/uploads\/2014\/06\/Diego.jpg\" width=\"550\" height=\"412\" srcset=\"https:\/\/senoticias.com.br\/se\/wp-content\/uploads\/2014\/06\/Diego.jpg 550w, https:\/\/senoticias.com.br\/se\/wp-content\/uploads\/2014\/06\/Diego-300x224.jpg 300w, https:\/\/senoticias.com.br\/se\/wp-content\/uploads\/2014\/06\/Diego-342x256.jpg 342w, https:\/\/senoticias.com.br\/se\/wp-content\/uploads\/2014\/06\/Diego-60x45.jpg 60w, https:\/\/senoticias.com.br\/se\/wp-content\/uploads\/2014\/06\/Diego-150x113.jpg 150w, https:\/\/senoticias.com.br\/se\/wp-content\/uploads\/2014\/06\/Diego-269x201.jpg 269w\" sizes=\"(max-width: 550px) 100vw, 550px\" \/><\/a><p id=\"caption-attachment-66162\" class=\"wp-caption-text\">Diego desembarcou em Sergipe na \u00faltima ter\u00e7a e veio direto para sua terra natal.. (Lagartense)<\/p><\/div>\n<p style=\"text-align: justify;\">Em solo aracajuano, ele n\u00e3o escapou dos f\u00e3s, que j\u00e1 o reconheceram no avi\u00e3o. Sol\u00edcito, o atacante atendeu a todos os pedidos de fotos e aut\u00f3grafos e foi direto para Lagarto.<\/p>\n<p style=\"text-align: justify;\">Diego Costa chegou a jogar pela Sele\u00e7\u00e3o do Brasil, mas como n\u00e3o viu perspectiva de jogar o Mundial com a amarelinha, aceitou o convite da Espanha, onde ele cresceu com a camisa do Atl\u00e9tico de Madrid.<\/p>\n<p style=\"text-align: justify;\">Com os espanh\u00f3is, Diego at\u00e9 se esfor\u00e7ou, mas a Copa do Mundo do Brasil foi um desastre para os atuais campe\u00f5es, que foram eliminados na primeira fase e tendo o sergipano como principal alvo das vaias dos brasileiros.<\/p>\n<p>De f\u00e9rias em Lagarto em per\u00edodo indefinido, o atacante pode ter um novo endere\u00e7o na Europa. Ele tem propostas do Chelsea e, segundo os jornais da Espanha e Inglaterra, j\u00e1 aceitou trabalhar com o t\u00e9cnico Jos\u00e9 Mourinho.<\/p>\n<p><strong>Siga o SE Not\u00edcias pelo <a href=\" https:\/\/twitter.com\/Senoticias\" target=\"_blank\">Twitter<\/a> e curta no <a href=\" https:\/\/www.facebook.com\/PortalSENoticias\" target=\"_blank\">Facebook<\/a><\/strong><\/p>\n","protected":false},"excerpt":{"rendered":"<p>por Lagartense.com A primeira experi\u00eancia de Diego Costa na Copa do Mundo n\u00e3o foi boa. Com sua equipe eliminada na primeira fase, o atacante brasileiro naturalizado espanhol voltou mais cedo do que o previsto para Lagarto, cidade do interior sergipano. O desembarque no aeroporto Santa Maria aconteceu nesta ter\u00e7a-feira. Em solo aracajuano, ele n\u00e3o escapou [&hellip;]<\/p>\n","protected":false},"author":1,"featured_media":66162,"comment_status":"closed","ping_status":"closed","sticky":false,"template":"","format":"standard","meta":{"footnotes":""},"categories":[39,38,8],"tags":[],"class_list":{"0":"post-66161","1":"post","2":"type-post","3":"status-publish","4":"format-standard","5":"has-post-thumbnail","7":"category-esporte","8":"category-municipios","9":"category-esporte-e-cultura"},"_links":{"self":[{"href":"https:\/\/senoticias.com.br\/se\/wp-json\/wp\/v2\/posts\/66161"}],"collection":[{"href":"https:\/\/senoticias.com.br\/se\/wp-json\/wp\/v2\/posts"}],"about":[{"href":"https:\/\/senoticias.com.br\/se\/wp-json\/wp\/v2\/types\/post"}],"author":[{"embeddable":true,"href":"https:\/\/senoticias.com.br\/se\/wp-json\/wp\/v2\/users\/1"}],"replies":[{"embeddable":true,"href":"https:\/\/senoticias.com.br\/se\/wp-json\/wp\/v2\/comments?post=66161"}],"version-history":[{"count":0,"href":"https:\/\/senoticias.com.br\/se\/wp-json\/wp\/v2\/posts\/66161\/revisions"}],"wp:featuredmedia":[{"embeddable":true,"href":"https:\/\/senoticias.com.br\/se\/wp-json\/wp\/v2\/media\/66162"}],"wp:attachment":[{"href":"https:\/\/senoticias.com.br\/se\/wp-json\/wp\/v2\/media?parent=66161"}],"wp:term":[{"taxonomy":"category","embeddable":true,"href":"https:\/\/senoticias.com.br\/se\/wp-json\/wp\/v2\/categories?post=66161"},{"taxonomy":"post_tag","embeddable":true,"href":"https:\/\/senoticias.com.br\/se\/wp-json\/wp\/v2\/tags?post=66161"}],"curies":[{"name":"wp","href":"https:\/\/api.w.org\/{rel}","templated":true}]}}