{"id":66155,"date":"2014-06-25T11:09:55","date_gmt":"2014-06-25T14:09:55","guid":{"rendered":"http:\/\/senoticias.com.br\/se\/?p=66155"},"modified":"2014-06-25T18:48:54","modified_gmt":"2014-06-25T21:48:54","slug":"66155","status":"publish","type":"post","link":"https:\/\/senoticias.com.br\/se\/66155\/","title":{"rendered":"Jovem \u00e9 assassinado a tiros em Areia Branca"},"content":{"rendered":"<p align=\"justify\">Por volta das 05h da manh\u00e3 desta quarta-feira (25), o adolescente David Marcos de Jesus Andrade, 17 anos, foi assassinado a tiros no munic\u00edpio de Areia Branca, localizado a 36 km de Aracaju.<\/p>\n<p align=\"justify\">Segundo relatos de populares, David trafegava em uma bicicleta quando foi atingido por disparos de arma de fogo. O jovem foi atingido no cr\u00e2nio e nas costas, vindo a \u00f3bito logo em seguida.<\/p>\n<p align=\"justify\">\u00c0s 06h30 o Instituto M\u00e9dico Legal (IML) Dr. Augusto C\u00e9sar Leite recolheu o corpo para autopsia.<\/p>\n<p><strong>Siga o SE Not\u00edcias pelo <a href=\" https:\/\/twitter.com\/Senoticias\" target=\"_blank\">Twitter<\/a> e curta no <a href=\" https:\/\/www.facebook.com\/PortalSENoticias\" target=\"_blank\">Facebook<\/a><\/strong><\/p>\n<div id=\"attachment_66156\" style=\"width: 605px\" class=\"wp-caption aligncenter\"><a href=\"http:\/\/senoticias.com.br\/se\/wp-content\/uploads\/2014\/06\/Areia-Branca.jpg\"><img loading=\"lazy\" decoding=\"async\" aria-describedby=\"caption-attachment-66156\" class=\"size-full wp-image-66156\" alt=\"Crime ocorreu na manh\u00e3 desta quarta-feira. (Foto: Itnet)\" src=\"http:\/\/senoticias.com.br\/se\/wp-content\/uploads\/2014\/06\/Areia-Branca.jpg\" width=\"595\" height=\"446\" srcset=\"https:\/\/senoticias.com.br\/se\/wp-content\/uploads\/2014\/06\/Areia-Branca.jpg 595w, https:\/\/senoticias.com.br\/se\/wp-content\/uploads\/2014\/06\/Areia-Branca-300x224.jpg 300w, https:\/\/senoticias.com.br\/se\/wp-content\/uploads\/2014\/06\/Areia-Branca-342x256.jpg 342w, https:\/\/senoticias.com.br\/se\/wp-content\/uploads\/2014\/06\/Areia-Branca-60x45.jpg 60w, https:\/\/senoticias.com.br\/se\/wp-content\/uploads\/2014\/06\/Areia-Branca-150x113.jpg 150w, https:\/\/senoticias.com.br\/se\/wp-content\/uploads\/2014\/06\/Areia-Branca-269x201.jpg 269w\" sizes=\"(max-width: 595px) 100vw, 595px\" \/><\/a><p id=\"caption-attachment-66156\" class=\"wp-caption-text\">Crime ocorreu na manh\u00e3 desta quarta-feira. (Foto: Itnet)<\/p><\/div>\n<p>&nbsp;<\/p>\n<p>&nbsp;<\/p>\n<p><strong><em>Informa\u00e7\u00f5es do A8SE.com<\/em><\/strong><\/p>\n<p>&nbsp;<\/p>\n<p>&nbsp;<\/p>\n","protected":false},"excerpt":{"rendered":"<p>Por volta das 05h da manh\u00e3 desta quarta-feira (25), o adolescente David Marcos de Jesus Andrade, 17 anos, foi assassinado a tiros no munic\u00edpio de Areia Branca, localizado a 36 km de Aracaju. Segundo relatos de populares, David trafegava em uma bicicleta quando foi atingido por disparos de arma de fogo. O jovem foi atingido [&hellip;]<\/p>\n","protected":false},"author":1,"featured_media":66156,"comment_status":"closed","ping_status":"closed","sticky":false,"template":"","format":"standard","meta":{"footnotes":""},"categories":[7],"tags":[],"class_list":{"0":"post-66155","1":"post","2":"type-post","3":"status-publish","4":"format-standard","5":"has-post-thumbnail","7":"category-policia"},"_links":{"self":[{"href":"https:\/\/senoticias.com.br\/se\/wp-json\/wp\/v2\/posts\/66155"}],"collection":[{"href":"https:\/\/senoticias.com.br\/se\/wp-json\/wp\/v2\/posts"}],"about":[{"href":"https:\/\/senoticias.com.br\/se\/wp-json\/wp\/v2\/types\/post"}],"author":[{"embeddable":true,"href":"https:\/\/senoticias.com.br\/se\/wp-json\/wp\/v2\/users\/1"}],"replies":[{"embeddable":true,"href":"https:\/\/senoticias.com.br\/se\/wp-json\/wp\/v2\/comments?post=66155"}],"version-history":[{"count":0,"href":"https:\/\/senoticias.com.br\/se\/wp-json\/wp\/v2\/posts\/66155\/revisions"}],"wp:featuredmedia":[{"embeddable":true,"href":"https:\/\/senoticias.com.br\/se\/wp-json\/wp\/v2\/media\/66156"}],"wp:attachment":[{"href":"https:\/\/senoticias.com.br\/se\/wp-json\/wp\/v2\/media?parent=66155"}],"wp:term":[{"taxonomy":"category","embeddable":true,"href":"https:\/\/senoticias.com.br\/se\/wp-json\/wp\/v2\/categories?post=66155"},{"taxonomy":"post_tag","embeddable":true,"href":"https:\/\/senoticias.com.br\/se\/wp-json\/wp\/v2\/tags?post=66155"}],"curies":[{"name":"wp","href":"https:\/\/api.w.org\/{rel}","templated":true}]}}