{"id":66152,"date":"2014-06-25T07:17:33","date_gmt":"2014-06-25T10:17:33","guid":{"rendered":"http:\/\/senoticias.com.br\/se\/?p=66152"},"modified":"2014-06-25T07:20:35","modified_gmt":"2014-06-25T10:20:35","slug":"confira-a-programacao-do-forro-siri-em-nossa-senhora-do-socorro","status":"publish","type":"post","link":"https:\/\/senoticias.com.br\/se\/confira-a-programacao-do-forro-siri-em-nossa-senhora-do-socorro\/","title":{"rendered":"Confira a programa\u00e7\u00e3o do Forr\u00f3 Siri em Nossa Senhora do Socorro"},"content":{"rendered":"<p style=\"text-align: justify;\">A programa\u00e7\u00e3o do Forr\u00f3 Siri foi iniciada no dia 6 de junho continua agintando o munic\u00edpio de\u00a0Nossa Senhora do Socorro, na Grande\u00a0Aracaju, sob o comando das bandas Raio da Silibrina, Forroz\u00e3o das Antigas, Forr\u00f3 10 e Forr\u00f3 dos Plays, entre outras atra\u00e7\u00f5es.<\/p>\n<div id=\"attachment_66154\" style=\"width: 605px\" class=\"wp-caption aligncenter\"><a href=\"http:\/\/senoticias.com.br\/se\/wp-content\/uploads\/2014\/06\/Plays.jpg\"><img loading=\"lazy\" decoding=\"async\" aria-describedby=\"caption-attachment-66154\" class=\"size-full wp-image-66154\" alt=\"Gil Mendes e Doidim de Mossor\u00f3 da banda Forr\u00f3 dos Plays comemoram show eletrizante (Foto: Marina Fontenele\/G1)\" src=\"http:\/\/senoticias.com.br\/se\/wp-content\/uploads\/2014\/06\/Plays.jpg\" width=\"595\" height=\"446\" srcset=\"https:\/\/senoticias.com.br\/se\/wp-content\/uploads\/2014\/06\/Plays.jpg 595w, https:\/\/senoticias.com.br\/se\/wp-content\/uploads\/2014\/06\/Plays-300x224.jpg 300w, https:\/\/senoticias.com.br\/se\/wp-content\/uploads\/2014\/06\/Plays-342x256.jpg 342w, https:\/\/senoticias.com.br\/se\/wp-content\/uploads\/2014\/06\/Plays-60x45.jpg 60w, https:\/\/senoticias.com.br\/se\/wp-content\/uploads\/2014\/06\/Plays-150x113.jpg 150w, https:\/\/senoticias.com.br\/se\/wp-content\/uploads\/2014\/06\/Plays-269x201.jpg 269w\" sizes=\"(max-width: 595px) 100vw, 595px\" \/><\/a><p id=\"caption-attachment-66154\" class=\"wp-caption-text\">Gil Mendes e Doidim de Mossor\u00f3 da banda Forr\u00f3 dos Plays. (Foto: Marina Fontenele\/G1)<\/p><\/div>\n<p><strong>Confira a programa\u00e7\u00e3o completa:<\/strong><\/p>\n<p><strong>Conjunto Jo\u00e3o Alves<br \/>\n<\/strong><strong>27\/06 (Sexta-feira)<\/strong><\/p>\n<p>20h Comunidade Que Canta<br \/>\n21h30 Mauricinhos dos Forr\u00f3<br \/>\n23h Calcinha Preta<br \/>\n01h Roj\u00e3o Diferente<br \/>\n03h Alma G\u00eamea<\/p>\n<p><strong>28\/06 (S\u00e1bado)<\/strong><br \/>\n20h Passarada do Ritmo<br \/>\n21h30 Sena Forr\u00f3 da Ro\u00e7a<br \/>\n23h Gal\u00e3 do Brega<br \/>\n01h Daniel<br \/>\n02h30 Corpo de Mulher<\/p>\n<p><strong>29\/06 (Domingo)<\/strong><br \/>\n20h Cebolinha e Banda Forr\u00f3 Bis<br \/>\n21h30 Fogo na Saia<br \/>\n23h Garota Safada<br \/>\n00h30 Danielzinho e Forroz\u00e3o Quarto de Milha<br \/>\n02h Patricinhas do Forr\u00f3<\/p>\n<p>&nbsp;<\/p>\n","protected":false},"excerpt":{"rendered":"<p>A programa\u00e7\u00e3o do Forr\u00f3 Siri foi iniciada no dia 6 de junho continua agintando o munic\u00edpio de\u00a0Nossa Senhora do Socorro, na Grande\u00a0Aracaju, sob o comando das bandas Raio da Silibrina, Forroz\u00e3o das Antigas, Forr\u00f3 10 e Forr\u00f3 dos Plays, entre outras atra\u00e7\u00f5es. Confira a programa\u00e7\u00e3o completa: Conjunto Jo\u00e3o Alves 27\/06 (Sexta-feira) 20h Comunidade Que Canta [&hellip;]<\/p>\n","protected":false},"author":1,"featured_media":66154,"comment_status":"closed","ping_status":"closed","sticky":false,"template":"","format":"standard","meta":{"footnotes":""},"categories":[15,38],"tags":[],"class_list":{"0":"post-66152","1":"post","2":"type-post","3":"status-publish","4":"format-standard","5":"has-post-thumbnail","7":"category-destaques","8":"category-municipios"},"_links":{"self":[{"href":"https:\/\/senoticias.com.br\/se\/wp-json\/wp\/v2\/posts\/66152"}],"collection":[{"href":"https:\/\/senoticias.com.br\/se\/wp-json\/wp\/v2\/posts"}],"about":[{"href":"https:\/\/senoticias.com.br\/se\/wp-json\/wp\/v2\/types\/post"}],"author":[{"embeddable":true,"href":"https:\/\/senoticias.com.br\/se\/wp-json\/wp\/v2\/users\/1"}],"replies":[{"embeddable":true,"href":"https:\/\/senoticias.com.br\/se\/wp-json\/wp\/v2\/comments?post=66152"}],"version-history":[{"count":0,"href":"https:\/\/senoticias.com.br\/se\/wp-json\/wp\/v2\/posts\/66152\/revisions"}],"wp:featuredmedia":[{"embeddable":true,"href":"https:\/\/senoticias.com.br\/se\/wp-json\/wp\/v2\/media\/66154"}],"wp:attachment":[{"href":"https:\/\/senoticias.com.br\/se\/wp-json\/wp\/v2\/media?parent=66152"}],"wp:term":[{"taxonomy":"category","embeddable":true,"href":"https:\/\/senoticias.com.br\/se\/wp-json\/wp\/v2\/categories?post=66152"},{"taxonomy":"post_tag","embeddable":true,"href":"https:\/\/senoticias.com.br\/se\/wp-json\/wp\/v2\/tags?post=66152"}],"curies":[{"name":"wp","href":"https:\/\/api.w.org\/{rel}","templated":true}]}}