{"id":66144,"date":"2014-06-25T06:39:32","date_gmt":"2014-06-25T09:39:32","guid":{"rendered":"http:\/\/senoticias.com.br\/se\/?p=66144"},"modified":"2014-06-25T06:43:05","modified_gmt":"2014-06-25T09:43:05","slug":"esposa-de-mendonca-prado-ve-desfacatez-em-deputado-por-comer-e-beber-sem-ser-convidado","status":"publish","type":"post","link":"https:\/\/senoticias.com.br\/se\/esposa-de-mendonca-prado-ve-desfacatez-em-deputado-por-comer-e-beber-sem-ser-convidado\/","title":{"rendered":"Esposa de Mendon\u00e7a Prado v\u00ea desfa\u00e7atez em deputado por \u201ccomer e beber sem ser convidado\u201d"},"content":{"rendered":"<div id=\"attachment_58241\" style=\"width: 283px\" class=\"wp-caption alignright\"><a href=\"http:\/\/senoticias.com.br\/se\/wp-content\/uploads\/2014\/01\/ANA-ALVES.jpg\"><img loading=\"lazy\" decoding=\"async\" aria-describedby=\"caption-attachment-58241\" class=\"size-medium wp-image-58241\" alt=\" Ana Alves, \u00e9 esposa de Mendon\u00e7a Prado.. (Divulga\u00e7\u00e3o)\" src=\"http:\/\/senoticias.com.br\/se\/wp-content\/uploads\/2014\/01\/ANA-ALVES-273x300.jpg\" width=\"273\" height=\"300\" srcset=\"https:\/\/senoticias.com.br\/se\/wp-content\/uploads\/2014\/01\/ANA-ALVES-273x300.jpg 273w, https:\/\/senoticias.com.br\/se\/wp-content\/uploads\/2014\/01\/ANA-ALVES-342x375.jpg 342w, https:\/\/senoticias.com.br\/se\/wp-content\/uploads\/2014\/01\/ANA-ALVES-300x329.jpg 300w, https:\/\/senoticias.com.br\/se\/wp-content\/uploads\/2014\/01\/ANA-ALVES.jpg 376w\" sizes=\"(max-width: 273px) 100vw, 273px\" \/><\/a><p id=\"caption-attachment-58241\" class=\"wp-caption-text\">Ana Alves, \u00e9 esposa de Mendon\u00e7a Prado.. (Divulga\u00e7\u00e3o)<\/p><\/div>\n<p style=\"text-align: justify;\">Ana Alves, esposa do deputado federal Mendon\u00e7a Prado (DEM), usou uma rede social para protestar contra a ida do deputado estadual Capit\u00e3o Samuel (PSL) ao seu camarote no Forr\u00f3 Caju, na madrugada desta segunda-feira 23. \u201cPrecisei sair mais cedo do camarote que eu fico e recebo amigos, a imprensa, parceiros e diversas pessoas. Eu, por h\u00e1bito, n\u00e3o visito camarotes ou lugares que eu n\u00e3o sou convidada e politicamente advers\u00e1ria. Pois ao sair do camarote, Capit\u00e3o Samuel e amigos entraram no camarote, comeram e beberam como se fossem convidados, acho uma desfa\u00e7atez tremenda\u201d, postou em protesto.<\/p>\n<p style=\"text-align: justify;\">Segundo a esposa de Mendon\u00e7a Prado, o seguran\u00e7a n\u00e3o barrou Samuel por se tratar de uma autoridade. \u201cA partir de hoje, ter\u00e1 dos pol\u00edticos que n\u00e3o devem entrar, para n\u00e3o contaminar com suas energias negativas o camarote. Querem se divertir? Tem v\u00e1rios camarotes e uma festa inteira p\u00fablica e de gra\u00e7a, no meu espa\u00e7o n\u00e3o. Isto \u00e9 \u00f3bvio para quem tem um m\u00ednimo de educa\u00e7\u00e3o e consci\u00eancia, pelo visto Capit\u00e3o Samuel e seus amigos n\u00e3o tem, al\u00e9m de ir levou v\u00e1rias pessoas usando o poder de autoridade que ele tem. Consci\u00eancia e Educa\u00e7\u00e3o n\u00e3o \u00e9 para todo mundo. Tomarei as minhas provid\u00eancias a partir de hoje, energias ruim saem para l\u00e1, meu espa\u00e7o \u00e9 s\u00f3 alegria e divers\u00e3o. Fica a dica, espero que eu tenha sido clara\u201d, finalizou.<\/p>\n<p style=\"text-align: justify;\"><strong>Samuel<\/strong><\/p>\n<p style=\"text-align: justify;\">Tamb\u00e9m numa rede social, o deputado Capit\u00e3o Samuel limitou-se a responder que \u201ccamarotes pagos com dinheiro p\u00fablico \u00e9 tratado com se fosse coisa privada. Dif\u00edcil entender. \u00c9 da calcinha que gosto\u201d, disse sem explicar a frase, postando foto dos ingressos que usar\u00e1 hoje para ter acesso \u00e0 festa. \u201cOntem foi a banda Calypso, raz\u00e3o para muita gente que gosta da Banda Calcinha Preta ir embora do Forr\u00f3 Caju cedo.\u201d<\/p>\n<p><strong>Siga o SE Not\u00edcias pelo <a href=\" https:\/\/twitter.com\/Senoticias\" target=\"_blank\">Twitter<\/a> e curta no <a href=\" https:\/\/www.facebook.com\/PortalSENoticias\" target=\"_blank\">Facebook<\/a><\/strong><\/p>\n<p style=\"text-align: justify;\"><em>Da Reda\u00e7\u00e3o, \u00a0Universo Pol\u00edtico<\/em><\/p>\n","protected":false},"excerpt":{"rendered":"<p>Ana Alves, esposa do deputado federal Mendon\u00e7a Prado (DEM), usou uma rede social para protestar contra a ida do deputado estadual Capit\u00e3o Samuel (PSL) ao seu camarote no Forr\u00f3 Caju, na madrugada desta segunda-feira 23. \u201cPrecisei sair mais cedo do camarote que eu fico e recebo amigos, a imprensa, parceiros e diversas pessoas. Eu, por [&hellip;]<\/p>\n","protected":false},"author":3,"featured_media":58241,"comment_status":"closed","ping_status":"closed","sticky":false,"template":"","format":"standard","meta":{"footnotes":""},"categories":[6],"tags":[],"class_list":{"0":"post-66144","1":"post","2":"type-post","3":"status-publish","4":"format-standard","5":"has-post-thumbnail","7":"category-politica"},"_links":{"self":[{"href":"https:\/\/senoticias.com.br\/se\/wp-json\/wp\/v2\/posts\/66144"}],"collection":[{"href":"https:\/\/senoticias.com.br\/se\/wp-json\/wp\/v2\/posts"}],"about":[{"href":"https:\/\/senoticias.com.br\/se\/wp-json\/wp\/v2\/types\/post"}],"author":[{"embeddable":true,"href":"https:\/\/senoticias.com.br\/se\/wp-json\/wp\/v2\/users\/3"}],"replies":[{"embeddable":true,"href":"https:\/\/senoticias.com.br\/se\/wp-json\/wp\/v2\/comments?post=66144"}],"version-history":[{"count":0,"href":"https:\/\/senoticias.com.br\/se\/wp-json\/wp\/v2\/posts\/66144\/revisions"}],"wp:featuredmedia":[{"embeddable":true,"href":"https:\/\/senoticias.com.br\/se\/wp-json\/wp\/v2\/media\/58241"}],"wp:attachment":[{"href":"https:\/\/senoticias.com.br\/se\/wp-json\/wp\/v2\/media?parent=66144"}],"wp:term":[{"taxonomy":"category","embeddable":true,"href":"https:\/\/senoticias.com.br\/se\/wp-json\/wp\/v2\/categories?post=66144"},{"taxonomy":"post_tag","embeddable":true,"href":"https:\/\/senoticias.com.br\/se\/wp-json\/wp\/v2\/tags?post=66144"}],"curies":[{"name":"wp","href":"https:\/\/api.w.org\/{rel}","templated":true}]}}