{"id":66141,"date":"2014-06-24T21:44:47","date_gmt":"2014-06-25T00:44:47","guid":{"rendered":"http:\/\/senoticias.com.br\/se\/?p=66141"},"modified":"2014-06-24T21:44:47","modified_gmt":"2014-06-25T00:44:47","slug":"inscricoes-para-estagio-no-tjse-continuam-ate-sexta-feira","status":"publish","type":"post","link":"https:\/\/senoticias.com.br\/se\/inscricoes-para-estagio-no-tjse-continuam-ate-sexta-feira\/","title":{"rendered":"Inscri\u00e7\u00f5es para est\u00e1gio no TJSE continuam at\u00e9 sexta-feira"},"content":{"rendered":"<div id=\"attachment_42066\" style=\"width: 310px\" class=\"wp-caption alignright\"><a href=\"http:\/\/senoticias.com.br\/se\/wp-content\/uploads\/2012\/12\/TJsergipe.jpg\"><img loading=\"lazy\" decoding=\"async\" aria-describedby=\"caption-attachment-42066\" class=\"size-medium wp-image-42066\" alt=\"Per\u00edodo foi prorrogado at\u00e9 27 de junho, provas ser\u00e3o no dia 10 de julho. (Foto: Ascom\/TJSE)\" src=\"http:\/\/senoticias.com.br\/se\/wp-content\/uploads\/2012\/12\/TJsergipe-300x225.jpg\" width=\"300\" height=\"225\" srcset=\"https:\/\/senoticias.com.br\/se\/wp-content\/uploads\/2012\/12\/TJsergipe-300x225.jpg 300w, https:\/\/senoticias.com.br\/se\/wp-content\/uploads\/2012\/12\/TJsergipe-342x256.jpg 342w, https:\/\/senoticias.com.br\/se\/wp-content\/uploads\/2012\/12\/TJsergipe-60x45.jpg 60w, https:\/\/senoticias.com.br\/se\/wp-content\/uploads\/2012\/12\/TJsergipe-150x113.jpg 150w, https:\/\/senoticias.com.br\/se\/wp-content\/uploads\/2012\/12\/TJsergipe-269x201.jpg 269w, https:\/\/senoticias.com.br\/se\/wp-content\/uploads\/2012\/12\/TJsergipe.jpg 560w\" sizes=\"(max-width: 300px) 100vw, 300px\" \/><\/a><p id=\"caption-attachment-42066\" class=\"wp-caption-text\">Per\u00edodo foi prorrogado at\u00e9 27 de junho, provas ser\u00e3o no dia 10 de julho. (Foto: Ascom\/TJSE)<\/p><\/div>\n<p style=\"text-align: justify;\">As inscri\u00e7\u00f5es para o processo seletivo de est\u00e1gio no Tribunal de Justi\u00e7a de Sergipe (TJSE) foram prorrogadas at\u00e9 a sexta-feira (27). As vagas dispon\u00edveis s\u00e3o para estudantes de n\u00edvel superior dos cursos de Arquitetura, Ci\u00eancias Cont\u00e1beis, Direito, Engenharia Civil, Engenharia El\u00e9trica, Hist\u00f3ria, Inform\u00e1tica, Museologia, Psicologia e Servi\u00e7o Social.<\/p>\n<p style=\"text-align: justify;\">O candidato deve estar regularmente matriculado no curso, ter cursado no m\u00ednimo 50% dos cr\u00e9ditos obrigat\u00f3rios e ter m\u00e9dia geral ponderada correspondente a no m\u00ednimo 5,0, al\u00e9m de estar at\u00e9 o limite de seis meses da data prevista para a conclus\u00e3o do curso.<\/p>\n<p style=\"text-align: justify;\">A bolsa est\u00e1gio ser\u00e1 de R$ 622,00 mais R$ 94 de aux\u00edlio-transporte. Os interessados devem se inscrever no processo seletivo atrav\u00e9s do site do TJSE e efetuar o pagamento do boleto banc\u00e1rio no valor de R$ 20 em alguma ag\u00eancia do Banco do Estado de Sergipe (Banese).<\/p>\n<p style=\"text-align: justify;\">As provas ser\u00e3o aplicadas no dia 10 de julho em Aracaju, na Faculdade Pio X, Campus III, localizado na Avenida Tancredo Neves, 5655, Bairro Jabutiana, no hor\u00e1rio das 14 \u00e0s 17h. Mais informa\u00e7\u00f5es atrav\u00e9s dos telefones (79) 3226-3234\/3370\/3165 e 3208.<\/p>\n<p style=\"text-align: justify;\"><strong>Siga o SE Not\u00edcias pelo <a href=\"https:\/\/twitter.com\/Senoticias\" target=\"_blank\">Twitter <\/a>e curta pelo <a href=\"https:\/\/www.facebook.com\/PortalSENoticias?ref=hl&amp;ref_type=bookmark\" target=\"_blank\">Facebook\u00a0<\/a><\/strong><\/p>\n","protected":false},"excerpt":{"rendered":"<p>As inscri\u00e7\u00f5es para o processo seletivo de est\u00e1gio no Tribunal de Justi\u00e7a de Sergipe (TJSE) foram prorrogadas at\u00e9 a sexta-feira (27). As vagas dispon\u00edveis s\u00e3o para estudantes de n\u00edvel superior dos cursos de Arquitetura, Ci\u00eancias Cont\u00e1beis, Direito, Engenharia Civil, Engenharia El\u00e9trica, Hist\u00f3ria, Inform\u00e1tica, Museologia, Psicologia e Servi\u00e7o Social. O candidato deve estar regularmente matriculado no [&hellip;]<\/p>\n","protected":false},"author":1,"featured_media":42066,"comment_status":"closed","ping_status":"closed","sticky":false,"template":"","format":"standard","meta":{"footnotes":""},"categories":[44],"tags":[],"class_list":{"0":"post-66141","1":"post","2":"type-post","3":"status-publish","4":"format-standard","5":"has-post-thumbnail","7":"category-educacao"},"_links":{"self":[{"href":"https:\/\/senoticias.com.br\/se\/wp-json\/wp\/v2\/posts\/66141"}],"collection":[{"href":"https:\/\/senoticias.com.br\/se\/wp-json\/wp\/v2\/posts"}],"about":[{"href":"https:\/\/senoticias.com.br\/se\/wp-json\/wp\/v2\/types\/post"}],"author":[{"embeddable":true,"href":"https:\/\/senoticias.com.br\/se\/wp-json\/wp\/v2\/users\/1"}],"replies":[{"embeddable":true,"href":"https:\/\/senoticias.com.br\/se\/wp-json\/wp\/v2\/comments?post=66141"}],"version-history":[{"count":0,"href":"https:\/\/senoticias.com.br\/se\/wp-json\/wp\/v2\/posts\/66141\/revisions"}],"wp:featuredmedia":[{"embeddable":true,"href":"https:\/\/senoticias.com.br\/se\/wp-json\/wp\/v2\/media\/42066"}],"wp:attachment":[{"href":"https:\/\/senoticias.com.br\/se\/wp-json\/wp\/v2\/media?parent=66141"}],"wp:term":[{"taxonomy":"category","embeddable":true,"href":"https:\/\/senoticias.com.br\/se\/wp-json\/wp\/v2\/categories?post=66141"},{"taxonomy":"post_tag","embeddable":true,"href":"https:\/\/senoticias.com.br\/se\/wp-json\/wp\/v2\/tags?post=66141"}],"curies":[{"name":"wp","href":"https:\/\/api.w.org\/{rel}","templated":true}]}}