{"id":66135,"date":"2014-06-24T21:30:41","date_gmt":"2014-06-25T00:30:41","guid":{"rendered":"http:\/\/senoticias.com.br\/se\/?p=66135"},"modified":"2014-06-24T21:31:27","modified_gmt":"2014-06-25T00:31:27","slug":"jovem-e-executado-a-tiros-proximo-a-casa-dele-em-umbauba-em-sergipe","status":"publish","type":"post","link":"https:\/\/senoticias.com.br\/se\/jovem-e-executado-a-tiros-proximo-a-casa-dele-em-umbauba-em-sergipe\/","title":{"rendered":"Jovem \u00e9 executado a tiros pr\u00f3ximo a casa dele em Umba\u00faba, em Sergipe"},"content":{"rendered":"<div id=\"attachment_66136\" style=\"width: 568px\" class=\"wp-caption aligncenter\"><a href=\"http:\/\/senoticias.com.br\/se\/wp-content\/uploads\/2014\/06\/20140624063232454foto.jpg\"><img loading=\"lazy\" decoding=\"async\" aria-describedby=\"caption-attachment-66136\" class=\" wp-image-66136 \" alt=\"Popula\u00e7\u00e3o acompanha trabalho da pol\u00edcia t\u00e9cnica na investiga\u00e7\u00e3o do caso (Foto: Cl\u00e9o Meneses\/VC na TV Sergipe)\" src=\"http:\/\/senoticias.com.br\/se\/wp-content\/uploads\/2014\/06\/20140624063232454foto.jpg\" width=\"558\" height=\"270\" srcset=\"https:\/\/senoticias.com.br\/se\/wp-content\/uploads\/2014\/06\/20140624063232454foto.jpg 620w, https:\/\/senoticias.com.br\/se\/wp-content\/uploads\/2014\/06\/20140624063232454foto-300x145.jpg 300w, https:\/\/senoticias.com.br\/se\/wp-content\/uploads\/2014\/06\/20140624063232454foto-342x165.jpg 342w\" sizes=\"(max-width: 558px) 100vw, 558px\" \/><\/a><p id=\"caption-attachment-66136\" class=\"wp-caption-text\">Popula\u00e7\u00e3o acompanha trabalho da pol\u00edcia t\u00e9cnica na investiga\u00e7\u00e3o do caso<br \/>(Foto: Cl\u00e9o Meneses\/VC na TV Sergipe)<\/p><\/div>\n<p style=\"text-align: justify;\">Um jovem de 27 anos foi executado no munic\u00edpio de Umba\u00faba, localizado a 99 quil\u00f4metros de Aracaju, em Sergipe. O crime aconteceu por volta das 14h30 desta ter\u00e7a-feira (24) quando ele caminhava \u00e0s margens da BR 101, pr\u00f3ximo a casa dele e de um ponto de combust\u00edveis.<\/p>\n<p style=\"text-align: justify;\">De acordo com o sargento Rocha, da 2\u00aa Companhia do 6\u00ba Batalh\u00e3o da Pol\u00edcia Militar, dois homens realizaram os disparos e em seguida fugiram em um ve\u00edculo modelo Celta e cor prata. A pol\u00edcia ainda n\u00e3o sabe o motivo do crime e nem tem pistas dos suspeitos.<\/p>\n<p style=\"text-align: justify;\"><em>Com informa\u00e7\u00f5es do G1SE<\/em><\/p>\n<p style=\"text-align: justify;\"><strong>Siga o SE Not\u00edcias pelo <a href=\"https:\/\/twitter.com\/Senoticias\" target=\"_blank\">Twitter<\/a> e curta no <a href=\"https:\/\/www.facebook.com\/PortalSENoticias?ref=hl&amp;ref_type=bookmark\" target=\"_blank\">Facebook\u00a0<\/a><\/strong><\/p>\n","protected":false},"excerpt":{"rendered":"<p>Um jovem de 27 anos foi executado no munic\u00edpio de Umba\u00faba, localizado a 99 quil\u00f4metros de Aracaju, em Sergipe. O crime aconteceu por volta das 14h30 desta ter\u00e7a-feira (24) quando ele caminhava \u00e0s margens da BR 101, pr\u00f3ximo a casa dele e de um ponto de combust\u00edveis. De acordo com o sargento Rocha, da 2\u00aa [&hellip;]<\/p>\n","protected":false},"author":1,"featured_media":66136,"comment_status":"closed","ping_status":"closed","sticky":false,"template":"","format":"standard","meta":{"footnotes":""},"categories":[7],"tags":[],"class_list":{"0":"post-66135","1":"post","2":"type-post","3":"status-publish","4":"format-standard","5":"has-post-thumbnail","7":"category-policia"},"_links":{"self":[{"href":"https:\/\/senoticias.com.br\/se\/wp-json\/wp\/v2\/posts\/66135"}],"collection":[{"href":"https:\/\/senoticias.com.br\/se\/wp-json\/wp\/v2\/posts"}],"about":[{"href":"https:\/\/senoticias.com.br\/se\/wp-json\/wp\/v2\/types\/post"}],"author":[{"embeddable":true,"href":"https:\/\/senoticias.com.br\/se\/wp-json\/wp\/v2\/users\/1"}],"replies":[{"embeddable":true,"href":"https:\/\/senoticias.com.br\/se\/wp-json\/wp\/v2\/comments?post=66135"}],"version-history":[{"count":0,"href":"https:\/\/senoticias.com.br\/se\/wp-json\/wp\/v2\/posts\/66135\/revisions"}],"wp:featuredmedia":[{"embeddable":true,"href":"https:\/\/senoticias.com.br\/se\/wp-json\/wp\/v2\/media\/66136"}],"wp:attachment":[{"href":"https:\/\/senoticias.com.br\/se\/wp-json\/wp\/v2\/media?parent=66135"}],"wp:term":[{"taxonomy":"category","embeddable":true,"href":"https:\/\/senoticias.com.br\/se\/wp-json\/wp\/v2\/categories?post=66135"},{"taxonomy":"post_tag","embeddable":true,"href":"https:\/\/senoticias.com.br\/se\/wp-json\/wp\/v2\/tags?post=66135"}],"curies":[{"name":"wp","href":"https:\/\/api.w.org\/{rel}","templated":true}]}}