{"id":66126,"date":"2014-06-24T13:13:56","date_gmt":"2014-06-24T16:13:56","guid":{"rendered":"http:\/\/senoticias.com.br\/se\/?p=66126"},"modified":"2014-06-24T13:15:56","modified_gmt":"2014-06-24T16:15:56","slug":"mec-divulga-resultado-da-segunda-chamada-do-sisu","status":"publish","type":"post","link":"https:\/\/senoticias.com.br\/se\/mec-divulga-resultado-da-segunda-chamada-do-sisu\/","title":{"rendered":"MEC divulga resultado da segunda chamada do Sisu"},"content":{"rendered":"<div id=\"attachment_59578\" style=\"width: 310px\" class=\"wp-caption alignright\"><a href=\"http:\/\/senoticias.com.br\/se\/wp-content\/uploads\/2014\/02\/grande-sisu_060114.jpg\"><img loading=\"lazy\" decoding=\"async\" aria-describedby=\"caption-attachment-59578\" class=\"size-medium wp-image-59578\" alt=\" (Foto: Divulga\u00e7\u00e3o) \" src=\"http:\/\/senoticias.com.br\/se\/wp-content\/uploads\/2014\/02\/grande-sisu_060114-300x199.jpg\" width=\"300\" height=\"199\" srcset=\"https:\/\/senoticias.com.br\/se\/wp-content\/uploads\/2014\/02\/grande-sisu_060114-300x199.jpg 300w, https:\/\/senoticias.com.br\/se\/wp-content\/uploads\/2014\/02\/grande-sisu_060114-342x227.jpg 342w, https:\/\/senoticias.com.br\/se\/wp-content\/uploads\/2014\/02\/grande-sisu_060114.jpg 500w\" sizes=\"(max-width: 300px) 100vw, 300px\" \/><\/a><p id=\"caption-attachment-59578\" class=\"wp-caption-text\">(Foto: Divulga\u00e7\u00e3o)<\/p><\/div>\n<p style=\"text-align: justify;\">O Minist\u00e9rio da Educa\u00e7\u00e3o (MEC) divulga nesta ter\u00e7a-feira (24) o resultado da segunda chamada do Sistema de Sele\u00e7\u00e3o Unificada (Sisu), no site do programa. Os estudantes devem comparecer \u00e0 institui\u00e7\u00e3o para a qual foram selecionados e providenciar a matr\u00edcula nos dias 27 e 30 deste m\u00eas e 1\u00ba e 2 de julho. As institui\u00e7\u00f5es n\u00e3o receber\u00e3o matr\u00edcula no fim de semana.<\/p>\n<p style=\"text-align: justify;\">O Sisu \u00e9 o sistema informatizado do MEC no qual institui\u00e7\u00f5es p\u00fablicas de ensino superior oferecem vagas para candidatos participantes do Exame Nacional do Ensino M\u00e9dio (Enem). A sele\u00e7\u00e3o tem duas edi\u00e7\u00f5es a cada ano. Puderam participar aqueles que fizeram o Enem de 2013 e n\u00e3o tiraram 0 na reda\u00e7\u00e3o. Nesta edi\u00e7\u00e3o do meio do ano, o sistema oferece 51.412 vagas e bateu recorde de inscri\u00e7\u00f5es.<\/p>\n<p style=\"text-align: justify;\">Foram 1.214.259 candidatos inscritos, 54% a mais que no ano passado, quando foram registrados 788.819 candidatos. O sistema oferece 51.412 vagas em 1.447 cursos de 67 institui\u00e7\u00f5es de educa\u00e7\u00e3o superior federais e estaduais. Os candidatos que n\u00e3o forem convocados nas duas chamadas poder\u00e3o integrar a lista de espera de 24 de junho a 7 de julho.<\/p>\n<p style=\"text-align: justify;\"><em>Fonte: Ag\u00eancia Brasil\u00a0<\/em><\/p>\n<p style=\"text-align: justify;\"><strong>Siga o SE Not\u00edcias pelo <a href=\"https:\/\/twitter.com\/Senoticias\" target=\"_blank\">Twitter<\/a> e curta pelo <a href=\"https:\/\/www.facebook.com\/PortalSENoticias?ref=hl&amp;ref_type=bookmark\" target=\"_blank\">Facebook\u00a0<\/a><\/strong><\/p>\n","protected":false},"excerpt":{"rendered":"<p>O Minist\u00e9rio da Educa\u00e7\u00e3o (MEC) divulga nesta ter\u00e7a-feira (24) o resultado da segunda chamada do Sistema de Sele\u00e7\u00e3o Unificada (Sisu), no site do programa. Os estudantes devem comparecer \u00e0 institui\u00e7\u00e3o para a qual foram selecionados e providenciar a matr\u00edcula nos dias 27 e 30 deste m\u00eas e 1\u00ba e 2 de julho. As institui\u00e7\u00f5es n\u00e3o [&hellip;]<\/p>\n","protected":false},"author":1,"featured_media":59578,"comment_status":"closed","ping_status":"closed","sticky":false,"template":"","format":"standard","meta":{"footnotes":""},"categories":[44],"tags":[],"class_list":{"0":"post-66126","1":"post","2":"type-post","3":"status-publish","4":"format-standard","5":"has-post-thumbnail","7":"category-educacao"},"_links":{"self":[{"href":"https:\/\/senoticias.com.br\/se\/wp-json\/wp\/v2\/posts\/66126"}],"collection":[{"href":"https:\/\/senoticias.com.br\/se\/wp-json\/wp\/v2\/posts"}],"about":[{"href":"https:\/\/senoticias.com.br\/se\/wp-json\/wp\/v2\/types\/post"}],"author":[{"embeddable":true,"href":"https:\/\/senoticias.com.br\/se\/wp-json\/wp\/v2\/users\/1"}],"replies":[{"embeddable":true,"href":"https:\/\/senoticias.com.br\/se\/wp-json\/wp\/v2\/comments?post=66126"}],"version-history":[{"count":0,"href":"https:\/\/senoticias.com.br\/se\/wp-json\/wp\/v2\/posts\/66126\/revisions"}],"wp:featuredmedia":[{"embeddable":true,"href":"https:\/\/senoticias.com.br\/se\/wp-json\/wp\/v2\/media\/59578"}],"wp:attachment":[{"href":"https:\/\/senoticias.com.br\/se\/wp-json\/wp\/v2\/media?parent=66126"}],"wp:term":[{"taxonomy":"category","embeddable":true,"href":"https:\/\/senoticias.com.br\/se\/wp-json\/wp\/v2\/categories?post=66126"},{"taxonomy":"post_tag","embeddable":true,"href":"https:\/\/senoticias.com.br\/se\/wp-json\/wp\/v2\/tags?post=66126"}],"curies":[{"name":"wp","href":"https:\/\/api.w.org\/{rel}","templated":true}]}}