{"id":66124,"date":"2014-06-24T13:08:27","date_gmt":"2014-06-24T16:08:27","guid":{"rendered":"http:\/\/senoticias.com.br\/se\/?p=66124"},"modified":"2014-06-24T13:08:27","modified_gmt":"2014-06-24T16:08:27","slug":"bandidos-aterrorizam-cidadaos-na-vespera-de-sao-joao","status":"publish","type":"post","link":"https:\/\/senoticias.com.br\/se\/bandidos-aterrorizam-cidadaos-na-vespera-de-sao-joao\/","title":{"rendered":"Bandidos aterrorizam cidad\u00e3os na v\u00e9spera de S\u00e3o Jo\u00e3o"},"content":{"rendered":"<div id=\"attachment_57934\" style=\"width: 310px\" class=\"wp-caption alignright\"><a href=\"http:\/\/senoticias.com.br\/se\/wp-content\/uploads\/2014\/01\/grande-delegacia_plantonista_080812.jpg.jpg\"><img loading=\"lazy\" decoding=\"async\" aria-describedby=\"caption-attachment-57934\" class=\"size-medium wp-image-57934\" alt=\"Assaltos foram registrados na Plantonista. (Foto: Reprodu\u00e7\u00e3o\/Infonet)\" src=\"http:\/\/senoticias.com.br\/se\/wp-content\/uploads\/2014\/01\/grande-delegacia_plantonista_080812.jpg-300x199.jpg\" width=\"300\" height=\"199\" srcset=\"https:\/\/senoticias.com.br\/se\/wp-content\/uploads\/2014\/01\/grande-delegacia_plantonista_080812.jpg-300x199.jpg 300w, https:\/\/senoticias.com.br\/se\/wp-content\/uploads\/2014\/01\/grande-delegacia_plantonista_080812.jpg-342x227.jpg 342w, https:\/\/senoticias.com.br\/se\/wp-content\/uploads\/2014\/01\/grande-delegacia_plantonista_080812.jpg.jpg 1000w\" sizes=\"(max-width: 300px) 100vw, 300px\" \/><\/a><p id=\"caption-attachment-57934\" class=\"wp-caption-text\">Assaltos foram registrados na Plantonista. (Foto: Reprodu\u00e7\u00e3o\/Infonet)<\/p><\/div>\n<p style=\"text-align: justify;\">V\u00e1rios assaltos foram registrados na v\u00e9spera do dia dedicado a S\u00e3o Jo\u00e3o. As v\u00edtimas prestaram queixa em Boletim de Ocorr\u00eancia na Delegacia Plantonistas e a pol\u00edcia conseguiu prender apenas um suspeito pela pr\u00e1tica de um dos assaltos.<\/p>\n<p style=\"text-align: justify;\">Na manh\u00e3 da segunda-feira, 23, tr\u00eas homens invadiram uma casa comercial no Conjunto Castelo Branco, apavoraram comerciante e funcion\u00e1rios e roubaram roupas, aparelho de telefone celular e a quantia de R$ 538 do caixa, um preju\u00edzo avaliado em mais de R$ 8 mil.<\/p>\n<p style=\"text-align: justify;\">De acordo com informa\u00e7\u00f5es do propriet\u00e1rio da loja, os assaltantes chegaram ao estabelecimento comercial ocupando um Siena de cor branca. Os tr\u00eas entraram na loja e dois deles exibiram armas de fogo. Os assaltantes colheram roupas que estavam nas prateleiras e os pertences do propriet\u00e1rio, al\u00e9m de pegarem o dinheiro que estava no caixa.<\/p>\n<p style=\"text-align: justify;\">Ap\u00f3s o crime, os assaltantes fugiram. O propriet\u00e1rio da loja prestou queixa em Boletim de Ocorr\u00eancia na Delegacia Plantonista e solicitaram provid\u00eancias, mas at\u00e9 o momento n\u00e3o h\u00e1 pistas dos suspeitos.<\/p>\n<p style=\"text-align: justify;\"><strong>Motos<\/strong><\/p>\n<p style=\"text-align: justify;\">\u00c0 tarde, na avenida Coelho e Campos, dois homens armados abordaram um motociclista e levaram o ve\u00edculo da v\u00edtima, uma Honda CBX 250 Twister de placa IAO \u2013 8859, licen\u00e7a de Sergipe. Os dois fugiram e n\u00e3o foram localizados.<\/p>\n<p style=\"text-align: justify;\">Outra motocicleta tamb\u00e9m foi tomada de assalto \u00e0 noite no Conjunto Orlando Dantas. Dois homens armados se aproximaram em uma motocicleta usando capacetes, exibiram armas e roubaram a moto da v\u00edtima, uma Honda XRE 300, de cor vermelha e placa OEP 1594, licen\u00e7a de Sergipe. Os homens fugiram em dire\u00e7\u00e3o ao Conjunto Augusto Franco e n\u00e3o foram localizados.<\/p>\n<p style=\"text-align: justify;\">Por volta de uma hora da madrugada desta ter\u00e7a-feira, 24, outro assalto foi registrado na rua Jugurta Barreto, na Praia de Atalaia. Duas mulheres foram abordadas por um homem armado ocupando uma motocicleta e exigiu dinheiro e o aparelho celular das v\u00edtimas. O assaltante ainda levou R$ 5 de uma das v\u00edtimas e, posteriormente, foi localizado por policiais militares na avenida Santos Dumont.<\/p>\n<p style=\"text-align: justify;\">O suspeito recebeu voz de pris\u00e3o e foi encaminhado \u00e0 Delegacia Plantonista, onde foi identificado como Thiago Dantas Ara\u00fajo. Reconhecido pelas v\u00edtimas, o suspeito foi autuado em flagrante.<\/p>\n<p style=\"text-align: justify;\"><em>Com informa\u00e7\u00f5es do Portal \u00a0Infonet\u00a0<\/em><\/p>\n<p style=\"text-align: justify;\"><strong>Siga o SE Not\u00edcias pelo <a href=\"https:\/\/twitter.com\/Senoticias\" target=\"_blank\">Twitter <\/a>e curta pelo <a href=\"https:\/\/www.facebook.com\/PortalSENoticias?ref=hl&amp;ref_type=bookmark\" target=\"_blank\">Facebook\u00a0<\/a><\/strong><\/p>\n","protected":false},"excerpt":{"rendered":"<p>V\u00e1rios assaltos foram registrados na v\u00e9spera do dia dedicado a S\u00e3o Jo\u00e3o. As v\u00edtimas prestaram queixa em Boletim de Ocorr\u00eancia na Delegacia Plantonistas e a pol\u00edcia conseguiu prender apenas um suspeito pela pr\u00e1tica de um dos assaltos. Na manh\u00e3 da segunda-feira, 23, tr\u00eas homens invadiram uma casa comercial no Conjunto Castelo Branco, apavoraram comerciante e [&hellip;]<\/p>\n","protected":false},"author":1,"featured_media":57934,"comment_status":"closed","ping_status":"closed","sticky":false,"template":"","format":"standard","meta":{"footnotes":""},"categories":[7],"tags":[],"class_list":{"0":"post-66124","1":"post","2":"type-post","3":"status-publish","4":"format-standard","5":"has-post-thumbnail","7":"category-policia"},"_links":{"self":[{"href":"https:\/\/senoticias.com.br\/se\/wp-json\/wp\/v2\/posts\/66124"}],"collection":[{"href":"https:\/\/senoticias.com.br\/se\/wp-json\/wp\/v2\/posts"}],"about":[{"href":"https:\/\/senoticias.com.br\/se\/wp-json\/wp\/v2\/types\/post"}],"author":[{"embeddable":true,"href":"https:\/\/senoticias.com.br\/se\/wp-json\/wp\/v2\/users\/1"}],"replies":[{"embeddable":true,"href":"https:\/\/senoticias.com.br\/se\/wp-json\/wp\/v2\/comments?post=66124"}],"version-history":[{"count":0,"href":"https:\/\/senoticias.com.br\/se\/wp-json\/wp\/v2\/posts\/66124\/revisions"}],"wp:featuredmedia":[{"embeddable":true,"href":"https:\/\/senoticias.com.br\/se\/wp-json\/wp\/v2\/media\/57934"}],"wp:attachment":[{"href":"https:\/\/senoticias.com.br\/se\/wp-json\/wp\/v2\/media?parent=66124"}],"wp:term":[{"taxonomy":"category","embeddable":true,"href":"https:\/\/senoticias.com.br\/se\/wp-json\/wp\/v2\/categories?post=66124"},{"taxonomy":"post_tag","embeddable":true,"href":"https:\/\/senoticias.com.br\/se\/wp-json\/wp\/v2\/tags?post=66124"}],"curies":[{"name":"wp","href":"https:\/\/api.w.org\/{rel}","templated":true}]}}