{"id":66122,"date":"2014-06-24T12:52:42","date_gmt":"2014-06-24T15:52:42","guid":{"rendered":"http:\/\/senoticias.com.br\/se\/?p=66122"},"modified":"2014-06-24T12:52:42","modified_gmt":"2014-06-24T15:52:42","slug":"iml-registra-quatro-homicidios-no-interior-do-estado","status":"publish","type":"post","link":"https:\/\/senoticias.com.br\/se\/iml-registra-quatro-homicidios-no-interior-do-estado\/","title":{"rendered":"IML registra quatro homic\u00eddios no interior do Estado"},"content":{"rendered":"<div id=\"attachment_49681\" style=\"width: 310px\" class=\"wp-caption alignright\"><a href=\"http:\/\/senoticias.com.br\/se\/wp-content\/uploads\/2013\/06\/iml.jpg\"><img loading=\"lazy\" decoding=\"async\" aria-describedby=\"caption-attachment-49681\" class=\"size-medium wp-image-49681\" alt=\"IML: quatro assassinatos nas comemora\u00e7\u00f5es juninas no interior.  (Foto: Reprodu\u00e7\u00e3o)\" src=\"http:\/\/senoticias.com.br\/se\/wp-content\/uploads\/2013\/06\/iml-300x225.jpg\" width=\"300\" height=\"225\" srcset=\"https:\/\/senoticias.com.br\/se\/wp-content\/uploads\/2013\/06\/iml-300x225.jpg 300w, https:\/\/senoticias.com.br\/se\/wp-content\/uploads\/2013\/06\/iml-342x256.jpg 342w, https:\/\/senoticias.com.br\/se\/wp-content\/uploads\/2013\/06\/iml-60x45.jpg 60w, https:\/\/senoticias.com.br\/se\/wp-content\/uploads\/2013\/06\/iml-150x113.jpg 150w, https:\/\/senoticias.com.br\/se\/wp-content\/uploads\/2013\/06\/iml-269x201.jpg 269w, https:\/\/senoticias.com.br\/se\/wp-content\/uploads\/2013\/06\/iml.jpg 346w\" sizes=\"(max-width: 300px) 100vw, 300px\" \/><\/a><p id=\"caption-attachment-49681\" class=\"wp-caption-text\">IML: quatro assassinatos nas comemora\u00e7\u00f5es juninas no interior. (Foto: Reprodu\u00e7\u00e3o)<\/p><\/div>\n<p style=\"text-align: justify;\">O Instituto M\u00e9dico Legal (IML) registrou quatro assassinatos entre a tarde da segunda-feira, 23, e a madrugada desta ter\u00e7a-feira, 24, data dedicada ao Dia de S\u00e3o Jo\u00e3o. Em Lagarto, um homem armado disparou tiros e assinou um rapaz dentro de um bar onde havia festejo junino animado por uma banda de forr\u00f3.<\/p>\n<p style=\"text-align: justify;\">De acordo com os primeiros levantamentos realizados pela Pol\u00edcia Militar, a v\u00edtima estava na festa quando o criminoso chegou pouco antes das 2h da madrugada e logo disparou a arma de fogo. A v\u00edtima foi identificada como Denisrai Santos, que morreu no local do crime, segundo informa\u00e7\u00f5es transmitidas pela equipe da Pol\u00edcia Civil. O suspeito fugiu do local e, apesar das dilig\u00eancias realizadas pela equipe da PM, n\u00e3o foi localizado.<\/p>\n<p style=\"text-align: justify;\">O IML tamb\u00e9m foi acionado na madrugada para remover o corpo de um cidad\u00e3o assassinado com arma de fogo em Maruim. A v\u00edtima foi identificada no IML como Jos\u00e9 Luiz Santos J\u00fanior. A equipe da Pol\u00edcia Militar fez os primeiros atendimentos, mas nada divulgou sobre o crime. O corpo ainda n\u00e3o chegou em Aracaju.<\/p>\n<p style=\"text-align: justify;\">Em Est\u00e2ncia, Agenelton Esteves Santana, 37, tamb\u00e9m foi assassinado a tiros no bairro Santa Cruz. O corpo da v\u00edtima chegou ao IML \u00e0s 12h30 desta segunda-feira, 23.<\/p>\n<p style=\"text-align: justify;\">O outro homic\u00eddio foi registrado no povoado S\u00e3o Pedro, no munic\u00edpio de Telha. Valdemir dos Santos Machado foi morto a tiros e o corpo chegou em Aracaju aos 38 minutos da madrugada desta ter\u00e7a-feira, 24.<\/p>\n<p style=\"text-align: justify;\"><em>Com informa\u00e7\u00f5es do Portal Infonet\u00a0<\/em><\/p>\n<p style=\"text-align: justify;\"><strong>Siga o SE Not\u00edcias pelo <a href=\"https:\/\/twitter.com\/Senoticias\" target=\"_blank\">Twitter<\/a> e curta pelo <a href=\"https:\/\/www.facebook.com\/PortalSENoticias?ref=hl&amp;ref_type=bookmark\" target=\"_blank\">Facebook\u00a0<\/a><\/strong><\/p>\n","protected":false},"excerpt":{"rendered":"<p>O Instituto M\u00e9dico Legal (IML) registrou quatro assassinatos entre a tarde da segunda-feira, 23, e a madrugada desta ter\u00e7a-feira, 24, data dedicada ao Dia de S\u00e3o Jo\u00e3o. Em Lagarto, um homem armado disparou tiros e assinou um rapaz dentro de um bar onde havia festejo junino animado por uma banda de forr\u00f3. De acordo com [&hellip;]<\/p>\n","protected":false},"author":1,"featured_media":49681,"comment_status":"closed","ping_status":"closed","sticky":false,"template":"","format":"standard","meta":{"footnotes":""},"categories":[7],"tags":[],"class_list":{"0":"post-66122","1":"post","2":"type-post","3":"status-publish","4":"format-standard","5":"has-post-thumbnail","7":"category-policia"},"_links":{"self":[{"href":"https:\/\/senoticias.com.br\/se\/wp-json\/wp\/v2\/posts\/66122"}],"collection":[{"href":"https:\/\/senoticias.com.br\/se\/wp-json\/wp\/v2\/posts"}],"about":[{"href":"https:\/\/senoticias.com.br\/se\/wp-json\/wp\/v2\/types\/post"}],"author":[{"embeddable":true,"href":"https:\/\/senoticias.com.br\/se\/wp-json\/wp\/v2\/users\/1"}],"replies":[{"embeddable":true,"href":"https:\/\/senoticias.com.br\/se\/wp-json\/wp\/v2\/comments?post=66122"}],"version-history":[{"count":0,"href":"https:\/\/senoticias.com.br\/se\/wp-json\/wp\/v2\/posts\/66122\/revisions"}],"wp:featuredmedia":[{"embeddable":true,"href":"https:\/\/senoticias.com.br\/se\/wp-json\/wp\/v2\/media\/49681"}],"wp:attachment":[{"href":"https:\/\/senoticias.com.br\/se\/wp-json\/wp\/v2\/media?parent=66122"}],"wp:term":[{"taxonomy":"category","embeddable":true,"href":"https:\/\/senoticias.com.br\/se\/wp-json\/wp\/v2\/categories?post=66122"},{"taxonomy":"post_tag","embeddable":true,"href":"https:\/\/senoticias.com.br\/se\/wp-json\/wp\/v2\/tags?post=66122"}],"curies":[{"name":"wp","href":"https:\/\/api.w.org\/{rel}","templated":true}]}}