{"id":66120,"date":"2014-06-24T12:45:30","date_gmt":"2014-06-24T15:45:30","guid":{"rendered":"http:\/\/senoticias.com.br\/se\/?p=66120"},"modified":"2014-06-24T12:46:18","modified_gmt":"2014-06-24T15:46:18","slug":"pre-selecionados-no-prouni-tem-ate-hoje-para-confirmar-informacoes","status":"publish","type":"post","link":"https:\/\/senoticias.com.br\/se\/pre-selecionados-no-prouni-tem-ate-hoje-para-confirmar-informacoes\/","title":{"rendered":"Pr\u00e9-selecionados no ProUni t\u00eam at\u00e9 hoje para confirmar informa\u00e7\u00f5es"},"content":{"rendered":"<div id=\"attachment_65280\" style=\"width: 310px\" class=\"wp-caption alignright\"><a href=\"http:\/\/senoticias.com.br\/se\/wp-content\/uploads\/2014\/06\/166201474420.jpg\"><img loading=\"lazy\" decoding=\"async\" aria-describedby=\"caption-attachment-65280\" class=\"size-medium wp-image-65280\" alt=\"Prazo termina nesta ter\u00e7a-feira 24. (Foto: Divulga\u00e7\u00e3o) \" src=\"http:\/\/senoticias.com.br\/se\/wp-content\/uploads\/2014\/06\/166201474420-300x225.jpg\" width=\"300\" height=\"225\" \/><\/a><p id=\"caption-attachment-65280\" class=\"wp-caption-text\">Prazo termina nesta ter\u00e7a-feira 24. (Foto: Divulga\u00e7\u00e3o)<\/p><\/div>\n<p style=\"text-align: justify;\">Esta ter\u00e7a-feira (24) \u00e9 o \u00faltimo dia para que os estudantes pr\u00e9-selecionados na primeira chamada do Programa Universidade para Todos (ProUni) confirmem as informa\u00e7\u00f5es prestadas na inscri\u00e7\u00e3o nas institui\u00e7\u00f5es de ensino. Caso perca o prazo, o estudante \u00e9 automaticamente retirado do processo.<\/p>\n<p style=\"text-align: justify;\">No <strong><a href=\"http:\/\/siteprouni.mec.gov.br\/\" target=\"_blank\">site do ProUni <\/a><\/strong>tamb\u00e9m est\u00e1 dispon\u00edvel uma lista com a documenta\u00e7\u00e3o necess\u00e1ria. Entre os itens solicitados est\u00e3o documento de identifica\u00e7\u00e3o e comprovantes de resid\u00eancia, de rendimento e de conclus\u00e3o do ensino m\u00e9dio. Ao entregar a documenta\u00e7\u00e3o, o candidato receber\u00e1 o Protocolo de Recebimento de Documenta\u00e7\u00e3o do ProUni.Algumas institui\u00e7\u00f5es submetem os candidatos pr\u00e9-selecionados a um processo seletivo pr\u00f3prio, que dever\u00e1 ser gratuito. Os estudantes podem verificar se a institui\u00e7\u00e3o ir\u00e1 aplicar esse processo seletivo no momento da inscri\u00e7\u00e3o.<\/p>\n<p style=\"text-align: justify;\">O ProUni oferece bolsas de estudo integrais e parciais (50% da mensalidade) em institui\u00e7\u00f5es particulares de educa\u00e7\u00e3o superior que tenham cursos de gradua\u00e7\u00e3o e sequenciais de forma\u00e7\u00e3o espec\u00edfica. O estudante precisa comprovar renda familiar, por pessoa, de at\u00e9 um sal\u00e1rio m\u00ednimo e meio para obter a bolsa integral e de at\u00e9 tr\u00eas sal\u00e1rios m\u00ednimos para a bolsa parcial. Esta edi\u00e7\u00e3o do programa ofertou 115.101 bolsas e teve 653.992 inscritos.<\/p>\n<p style=\"text-align: justify;\">O resultado da segunda chamada sai no dia 4 de julho e a comprova\u00e7\u00e3o de informa\u00e7\u00f5es tem de ser feita de 4 a 11 do pr\u00f3ximo m\u00eas. Nos dias 21 e 22, os candidatos poder\u00e3o aderir \u00e0 lista de espera e, nos dias 29 e 30, ter\u00e3o de comprovar as informa\u00e7\u00f5es.<\/p>\n<p style=\"text-align: justify;\"><em>Fonte: Ag\u00eancia Brasil\u00a0<\/em><\/p>\n<p style=\"text-align: justify;\"><strong>Siga o SE Not\u00edcias pelo <a href=\"https:\/\/twitter.com\/Senoticias\" target=\"_blank\">Twitter<\/a> e curta pelo <a href=\"https:\/\/www.facebook.com\/PortalSENoticias?ref_type=bookmark\" target=\"_blank\">Facebook\u00a0<\/a><\/strong><\/p>\n","protected":false},"excerpt":{"rendered":"<p>Esta ter\u00e7a-feira (24) \u00e9 o \u00faltimo dia para que os estudantes pr\u00e9-selecionados na primeira chamada do Programa Universidade para Todos (ProUni) confirmem as informa\u00e7\u00f5es prestadas na inscri\u00e7\u00e3o nas institui\u00e7\u00f5es de ensino. Caso perca o prazo, o estudante \u00e9 automaticamente retirado do processo. No site do ProUni tamb\u00e9m est\u00e1 dispon\u00edvel uma lista com a documenta\u00e7\u00e3o necess\u00e1ria. [&hellip;]<\/p>\n","protected":false},"author":1,"featured_media":65280,"comment_status":"closed","ping_status":"closed","sticky":false,"template":"","format":"standard","meta":{"footnotes":""},"categories":[44],"tags":[],"class_list":{"0":"post-66120","1":"post","2":"type-post","3":"status-publish","4":"format-standard","5":"has-post-thumbnail","7":"category-educacao"},"_links":{"self":[{"href":"https:\/\/senoticias.com.br\/se\/wp-json\/wp\/v2\/posts\/66120"}],"collection":[{"href":"https:\/\/senoticias.com.br\/se\/wp-json\/wp\/v2\/posts"}],"about":[{"href":"https:\/\/senoticias.com.br\/se\/wp-json\/wp\/v2\/types\/post"}],"author":[{"embeddable":true,"href":"https:\/\/senoticias.com.br\/se\/wp-json\/wp\/v2\/users\/1"}],"replies":[{"embeddable":true,"href":"https:\/\/senoticias.com.br\/se\/wp-json\/wp\/v2\/comments?post=66120"}],"version-history":[{"count":0,"href":"https:\/\/senoticias.com.br\/se\/wp-json\/wp\/v2\/posts\/66120\/revisions"}],"wp:featuredmedia":[{"embeddable":true,"href":"https:\/\/senoticias.com.br\/se\/wp-json\/wp\/v2\/media\/65280"}],"wp:attachment":[{"href":"https:\/\/senoticias.com.br\/se\/wp-json\/wp\/v2\/media?parent=66120"}],"wp:term":[{"taxonomy":"category","embeddable":true,"href":"https:\/\/senoticias.com.br\/se\/wp-json\/wp\/v2\/categories?post=66120"},{"taxonomy":"post_tag","embeddable":true,"href":"https:\/\/senoticias.com.br\/se\/wp-json\/wp\/v2\/tags?post=66120"}],"curies":[{"name":"wp","href":"https:\/\/api.w.org\/{rel}","templated":true}]}}